{"id":151813,"date":"2020-03-24T17:07:00","date_gmt":"2020-03-24T23:07:00","guid":{"rendered":"http:\/\/vertienteglobal.com\/?p=151813"},"modified":"2020-03-24T20:09:06","modified_gmt":"2020-03-25T02:09:06","slug":"urgen-estrategias-para-las-micro-pequenas-y-medianas-empresas-ante-la-afectacion-economica-por-el-covid-19-concanaco-servytur","status":"publish","type":"post","link":"http:\/\/vertienteglobal.com\/?p=151813","title":{"rendered":"Urgen estrategias para las micro, peque\u00f1as y medianas empresas ante la afectaci\u00f3n econ\u00f3mica por el Covid 19: Concanaco Servytur"},"content":{"rendered":"\n<div class=\"twitterbutton\" style=\"float: right; padding-left: 5px;\"><a href=\"http:\/\/twitter.com\/share\" class=\"twitter-share-button\" data-count=\"horizontal\" data-text=\"Urgen estrategias para las micro, peque\u00f1as y medianas empresas ante la afectaci...\" data-via=\"https:\/\/twitter.com\/VertienteGloba1\" data-url=\"http:\/\/vertienteglobal.com\/?p=151813\" data-lang=\"es\" data-related=\"Informaci\u00f3n general:S\u00edguenos para que est\u00e9ss informado\"><\/a><\/div>\n<figure class=\"wp-block-image size-large\"><img loading=\"lazy\" decoding=\"async\" width=\"832\" height=\"596\" src=\"http:\/\/vertienteglobal.com\/wp-content\/uploads\/2020\/03\/IMG_20200324_203706-1.jpg\" alt=\"\" class=\"wp-image-151814\" srcset=\"http:\/\/vertienteglobal.com\/wp-content\/uploads\/2020\/03\/IMG_20200324_203706-1.jpg 832w, http:\/\/vertienteglobal.com\/wp-content\/uploads\/2020\/03\/IMG_20200324_203706-1-300x215.jpg 300w, http:\/\/vertienteglobal.com\/wp-content\/uploads\/2020\/03\/IMG_20200324_203706-1-150x107.jpg 150w, http:\/\/vertienteglobal.com\/wp-content\/uploads\/2020\/03\/IMG_20200324_203706-1-768x550.jpg 768w\" sizes=\"auto, (max-width: 832px) 100vw, 832px\" \/><\/figure>\n\n\n\n<p>(Redaccion)<br>\n&nbsp;<br>\nLos apoyos que anunci\u00f3 el gobierno federal para los sectores m\u00e1s vulnerables contribuir\u00e1n a conservar los empleos<br>\n&nbsp;<br>\nAl entrar M\u00e9xico en la fase 2 de la contingencia por el Coronavirus aumentan las restricciones de movilidad y la recomendaci\u00f3n de aislamiento<br>\n&nbsp;<br>\nCiudad de M\u00e9xico, 24 de marzo de 2020.- La Concanaco calific\u00f3 de apropiada las medidas econ\u00f3micas anunciadas por el presidente de la Rep\u00fablica para apoyar a los peque\u00f1os establecimientos comerciales, ya que el sector terciario&nbsp;es uno de los sectores que resultar\u00e1 m\u00e1s impactados por la contingencia sanitaria generada por el Covid 19.<br>\n&nbsp;<br>\nEl presidente de la Confederaci\u00f3n de C\u00e1maras Nacionales de Comercio, Servicios y Turismo (Concanaco Servytur), Jos\u00e9 Manuel L\u00f3pez Campos, se\u00f1al\u00f3 que se requiere con urgencia la implementaci\u00f3n&nbsp;de estrategias que ayuden a las m\u00e1s de 4.1 millones de micro, peque\u00f1as y medianas empresas, que aportan el 72 por ciento de empleos formales y el 52 por ciento del Producto Interno Bruto (PIB), a resistir la baja del consumo en M\u00e9xico.&nbsp;<br>\n&nbsp;<br>\nAfirmo que el sector terciario de la econom\u00eda que incluye comercio, servicios y turismo, el cual genera m\u00e1s 322 mil plazas laborales, en las contingencias es el primer afectado y&nbsp;en donde podr\u00edan registrarse el mayor n\u00famero de cierre de empresas y en consecuencia p\u00e9rdida de empleos, ya que en este labora alrededor del 82 por ciento de la poblaci\u00f3n econ\u00f3micamente activa.&nbsp;<br>\n&nbsp;<br>\nConsider\u00f3 importante que para aplicar acciones efectivas que reactiven la econom\u00eda se debe escuchar a los empresarios de todos los sectores productivos del pa\u00eds y decidir en coordinaci\u00f3n,&nbsp;iniciativa privada y gobiernos, los pasos a seguir.<br>\n&nbsp;<br>\nJos\u00e9 Manuel L\u00f3pez destac\u00f3 que el anuncio del presidente Andr\u00e9s Manuel L\u00f3pez Obrador es bueno, enfocado a los ciudadanos, pero tambi\u00e9n es importante atender la situaci\u00f3n de las empresas,&nbsp;ya que algunas no est\u00e1n laborando y tendr\u00e1n que absorber, en sus posibilidades, el pago de salarios para no crear una crisis de desempleo.<br>\n&nbsp;<br>\nDijo: \u00abEn el sector empresarial asumimos nuestro compromiso con los trabajadores y estamos dispuestos a sumarnos a la petici\u00f3n del presidente Andr\u00e9s Manuel L\u00f3pez Obrador de mantener los&nbsp;empleos y ser solidarios en esta contingencia que atraviesa el pa\u00eds, pero se requiere de igual forma apoyo institucional, incentivos, pr\u00f3rrogas fiscales o pagos diferidos en impuestos y acceso oportuno a financiamiento en condiciones favorables\u201d.<br>\n&nbsp;<br>\nL\u00f3pez Campos, sostuvo que en la Concanaco est\u00e1n a favor de las medidas impuestas por el gobierno federal y de los estados, porque en estos momentos es primordial preservar la salud&nbsp;de los mexicanos y evitar las consecuencias de lo ocurrido en otros pa\u00edses.<br>\n&nbsp;<br>\nDetall\u00f3 que las empresas y firmas mexicanas de alimentos e insumos b\u00e1sicos est\u00e1n comprometidas con el abasto de tiendas para cubrir las necesidades de consumo de la poblaci\u00f3n.<br>\n&nbsp;<br>\nLa din\u00e1mica econ\u00f3mica, refiri\u00f3, se da con la producci\u00f3n y el consumo, y esos componentes est\u00e1n disminuyendo debido a que muchos negocios est\u00e1n trabajando de manera muy limitada y&nbsp;otros definitivamente cerraron.<br>\n&nbsp;<br>\nPor ultimo, el l\u00edder empresarial pidi\u00f3 a los mexicanos ser solidarios tambi\u00e9n con las empresas mexicanas, comprar en comercios locales, consumir productos mexicanos, y posteriormente cuando pase&nbsp;la contingencia salir a sitios tur\u00edsticos del pa\u00eds.<\/p>\n","protected":false},"excerpt":{"rendered":"<p>(Redaccion) &nbsp; Los apoyos que anunci\u00f3 el gobierno federal para los sectores m\u00e1s vulnerables contribuir\u00e1n a conservar los empleos &nbsp; Al entrar M\u00e9xico en la fase 2 de la contingencia por el Coronavirus aumentan las restricciones de movilidad y la recomendaci\u00f3n de aislamiento &nbsp; Ciudad de M\u00e9xico, 24 de marzo de 2020.- La Concanaco calific\u00f3 [&hellip;]<\/p>\n","protected":false},"author":1,"featured_media":151814,"comment_status":"open","ping_status":"open","sticky":false,"template":"","format":"standard","meta":{"footnotes":""},"categories":[8],"tags":[],"class_list":["post-151813","post","type-post","status-publish","format-standard","has-post-thumbnail","hentry","category-pais","entry","has-media"],"jetpack_featured_media_url":"http:\/\/vertienteglobal.com\/wp-content\/uploads\/2020\/03\/IMG_20200324_203706-1.jpg","_links":{"self":[{"href":"http:\/\/vertienteglobal.com\/index.php?rest_route=\/wp\/v2\/posts\/151813","targetHints":{"allow":["GET"]}}],"collection":[{"href":"http:\/\/vertienteglobal.com\/index.php?rest_route=\/wp\/v2\/posts"}],"about":[{"href":"http:\/\/vertienteglobal.com\/index.php?rest_route=\/wp\/v2\/types\/post"}],"author":[{"embeddable":true,"href":"http:\/\/vertienteglobal.com\/index.php?rest_route=\/wp\/v2\/users\/1"}],"replies":[{"embeddable":true,"href":"http:\/\/vertienteglobal.com\/index.php?rest_route=%2Fwp%2Fv2%2Fcomments&post=151813"}],"version-history":[{"count":0,"href":"http:\/\/vertienteglobal.com\/index.php?rest_route=\/wp\/v2\/posts\/151813\/revisions"}],"wp:featuredmedia":[{"embeddable":true,"href":"http:\/\/vertienteglobal.com\/index.php?rest_route=\/wp\/v2\/media\/151814"}],"wp:attachment":[{"href":"http:\/\/vertienteglobal.com\/index.php?rest_route=%2Fwp%2Fv2%2Fmedia&parent=151813"}],"wp:term":[{"taxonomy":"category","embeddable":true,"href":"http:\/\/vertienteglobal.com\/index.php?rest_route=%2Fwp%2Fv2%2Fcategories&post=151813"},{"taxonomy":"post_tag","embeddable":true,"href":"http:\/\/vertienteglobal.com\/index.php?rest_route=%2Fwp%2Fv2%2Ftags&post=151813"}],"curies":[{"name":"wp","href":"https:\/\/api.w.org\/{rel}","templated":true}]}}