{"id":151633,"date":"2020-03-22T19:36:00","date_gmt":"2020-03-23T01:36:00","guid":{"rendered":"http:\/\/vertienteglobal.com\/?p=151633"},"modified":"2020-03-22T21:42:44","modified_gmt":"2020-03-23T03:42:44","slug":"la-curva-epidemica-del-coronavirus-va-a-crecer-no-hay-de-otra-salud","status":"publish","type":"post","link":"http:\/\/vertienteglobal.com\/?p=151633","title":{"rendered":"La curva epid\u00e9mica del coronavirus va a crecer, no hay de otra: Salud"},"content":{"rendered":"\n<div class=\"twitterbutton\" style=\"float: right; padding-left: 5px;\"><a href=\"http:\/\/twitter.com\/share\" class=\"twitter-share-button\" data-count=\"horizontal\" data-text=\"La curva epid\u00e9mica del coronavirus va a crecer, no hay de otra: Salud\" data-via=\"https:\/\/twitter.com\/VertienteGloba1\" data-url=\"http:\/\/vertienteglobal.com\/?p=151633\" data-lang=\"es\" data-related=\"Informaci\u00f3n general:S\u00edguenos para que est\u00e9ss informado\"><\/a><\/div>\n<figure class=\"wp-block-image size-large\"><img loading=\"lazy\" decoding=\"async\" width=\"1024\" height=\"636\" src=\"http:\/\/vertienteglobal.com\/wp-content\/uploads\/2020\/03\/1091449.jpg\" alt=\"\" class=\"wp-image-151634\" srcset=\"http:\/\/vertienteglobal.com\/wp-content\/uploads\/2020\/03\/1091449.jpg 1024w, http:\/\/vertienteglobal.com\/wp-content\/uploads\/2020\/03\/1091449-300x186.jpg 300w, http:\/\/vertienteglobal.com\/wp-content\/uploads\/2020\/03\/1091449-150x93.jpg 150w, http:\/\/vertienteglobal.com\/wp-content\/uploads\/2020\/03\/1091449-768x477.jpg 768w\" sizes=\"auto, (max-width: 1024px) 100vw, 1024px\" \/><\/figure>\n\n\n\n<p>(Redacci\u00f3n)<\/p>\n\n\n\n<p>Inform\u00f3 que se busca aplanar la curva con la \u00absana distancia\u00bb, que sea un crecimiento poco a poco, para que la curva sea lo menos pronunciada<\/p>\n\n\n\n<p>Ciudad de M\u00e9xico a 22 de marzo de 2020.- El Director General de Promoci\u00f3n de la Salud,<br>\nRicardo Cort\u00e9s Alcal\u00e1, se\u00f1al\u00f3 que \u00abdefinitivamente\u00bb  la curva epid\u00e9mica del coronavirus va a crecer.<\/p>\n\n\n\n<p>Y es que durante conferencia de prensa, el doctor dijo: \u00abDefinitivamente la tendencia va a crecer, no hay de otra, la curva epid\u00e9mica no se corta de un d\u00eda a otro\u00bb.<\/p>\n\n\n\n<p>Ante esto dijo que se busca aplanar la curva con la \u00absana distancia\u00bb, que sea un crecimiento poco a poco, para que la curva sea lo menos pronunciada.<\/p>\n\n\n\n<p>Agreg\u00f3: \u00abLo que queremos, con la sana distancia es aplanar la curva para que sea un crecimiento poco a poco, la curva lo menos pronunciada posible y que sea todo manejable tanto por la poblaci\u00f3n y el sector salud\u00bb.<\/p>\n","protected":false},"excerpt":{"rendered":"<p>(Redacci\u00f3n) Inform\u00f3 que se busca aplanar la curva con la \u00absana distancia\u00bb, que sea un crecimiento poco a poco, para que la curva sea lo menos pronunciada Ciudad de M\u00e9xico a 22 de marzo de 2020.- El Director General de Promoci\u00f3n de la Salud, Ricardo Cort\u00e9s Alcal\u00e1, se\u00f1al\u00f3 que \u00abdefinitivamente\u00bb la curva epid\u00e9mica del coronavirus [&hellip;]<\/p>\n","protected":false},"author":1,"featured_media":151634,"comment_status":"open","ping_status":"open","sticky":false,"template":"","format":"standard","meta":{"footnotes":""},"categories":[8],"tags":[],"class_list":["post-151633","post","type-post","status-publish","format-standard","has-post-thumbnail","hentry","category-pais","entry","has-media"],"jetpack_featured_media_url":"http:\/\/vertienteglobal.com\/wp-content\/uploads\/2020\/03\/1091449.jpg","_links":{"self":[{"href":"http:\/\/vertienteglobal.com\/index.php?rest_route=\/wp\/v2\/posts\/151633","targetHints":{"allow":["GET"]}}],"collection":[{"href":"http:\/\/vertienteglobal.com\/index.php?rest_route=\/wp\/v2\/posts"}],"about":[{"href":"http:\/\/vertienteglobal.com\/index.php?rest_route=\/wp\/v2\/types\/post"}],"author":[{"embeddable":true,"href":"http:\/\/vertienteglobal.com\/index.php?rest_route=\/wp\/v2\/users\/1"}],"replies":[{"embeddable":true,"href":"http:\/\/vertienteglobal.com\/index.php?rest_route=%2Fwp%2Fv2%2Fcomments&post=151633"}],"version-history":[{"count":0,"href":"http:\/\/vertienteglobal.com\/index.php?rest_route=\/wp\/v2\/posts\/151633\/revisions"}],"wp:featuredmedia":[{"embeddable":true,"href":"http:\/\/vertienteglobal.com\/index.php?rest_route=\/wp\/v2\/media\/151634"}],"wp:attachment":[{"href":"http:\/\/vertienteglobal.com\/index.php?rest_route=%2Fwp%2Fv2%2Fmedia&parent=151633"}],"wp:term":[{"taxonomy":"category","embeddable":true,"href":"http:\/\/vertienteglobal.com\/index.php?rest_route=%2Fwp%2Fv2%2Fcategories&post=151633"},{"taxonomy":"post_tag","embeddable":true,"href":"http:\/\/vertienteglobal.com\/index.php?rest_route=%2Fwp%2Fv2%2Ftags&post=151633"}],"curies":[{"name":"wp","href":"https:\/\/api.w.org\/{rel}","templated":true}]}}