{"id":151627,"date":"2020-03-22T17:25:00","date_gmt":"2020-03-22T23:25:00","guid":{"rendered":"http:\/\/vertienteglobal.com\/?p=151627"},"modified":"2020-03-22T21:34:04","modified_gmt":"2020-03-23T03:34:04","slug":"notarios-eligen-nueva-directiva-para-su-consejo-en-quintana-roo","status":"publish","type":"post","link":"http:\/\/vertienteglobal.com\/?p=151627","title":{"rendered":"Notarios eligen nueva directiva para su Consejo en Quintana Roo"},"content":{"rendered":"\n<div class=\"twitterbutton\" style=\"float: right; padding-left: 5px;\"><a href=\"http:\/\/twitter.com\/share\" class=\"twitter-share-button\" data-count=\"horizontal\" data-text=\"Notarios eligen nueva directiva para su Consejo en Quintana Roo\" data-via=\"https:\/\/twitter.com\/VertienteGloba1\" data-url=\"http:\/\/vertienteglobal.com\/?p=151627\" data-lang=\"es\" data-related=\"Informaci\u00f3n general:S\u00edguenos para que est\u00e9ss informado\"><\/a><\/div>\n<figure class=\"wp-block-image size-large\"><img loading=\"lazy\" decoding=\"async\" width=\"1024\" height=\"768\" src=\"http:\/\/vertienteglobal.com\/wp-content\/uploads\/2020\/03\/IMG_20200322_170532.jpg\" alt=\"\" class=\"wp-image-151628\" srcset=\"http:\/\/vertienteglobal.com\/wp-content\/uploads\/2020\/03\/IMG_20200322_170532.jpg 1024w, http:\/\/vertienteglobal.com\/wp-content\/uploads\/2020\/03\/IMG_20200322_170532-300x225.jpg 300w, http:\/\/vertienteglobal.com\/wp-content\/uploads\/2020\/03\/IMG_20200322_170532-150x113.jpg 150w, http:\/\/vertienteglobal.com\/wp-content\/uploads\/2020\/03\/IMG_20200322_170532-768x576.jpg 768w\" sizes=\"auto, (max-width: 1024px) 100vw, 1024px\" \/><\/figure>\n\n\n\n<p>(Redacci\u00f3n)<\/p>\n\n\n\n<p>El nuevo presidente del Consejo, anunci\u00f3 que en su gesti\u00f3n buscar\u00e1 fortalecerlo en materia de calidad, profesionalismo y servicio para que los notarios atiendan mejor a las personas con mayor certeza jur\u00eddica<\/p>\n\n\n\n<p>Chetumal, Quintana Roo a 22 de marzo de 2020.- Por mayor\u00eda, el titular de la Notar\u00eda N\u00famero 35 con sede en Playa del Carmen, Jos\u00e9 Ignacio Loria Mu\u00f1oz, fue electo como presidente del Consejo de Notarios del Estado de Quintana Roo para el per\u00edodo 2020-2022, cuya meta ser\u00e1 fortalecer al organismo en todos los \u00e1mbitos.<\/p>\n\n\n\n<p>Y es que durante la asamblea realizada en esta ciudad, el nuevo presidente del Consejo, anunci\u00f3 que en su gesti\u00f3n buscar\u00e1 fortalecerlo en materia de calidad, profesionalismo y servicio para que los notarios atiendan mejor a las personas con mayor certeza jur\u00eddica.<\/p>\n\n\n\n<p>Para ello, expres\u00f3 que propiciar\u00e1 una mayor capacitaci\u00f3n de los notarios, mediante la preparaci\u00f3n acad\u00e9mica y procesos de certificaci\u00f3n en coordinaci\u00f3n con la Secretar\u00eda General de Gobierno y el Colegio Nacional de Notarios, con los cuales buscar\u00e1 fortalecer tambi\u00e9n los lazos de amistad y cooperaci\u00f3n.<\/p>\n\n\n\n<p>Lo anterior en respuesta a la demanda de los fedatarios de fortalecer la unidad y capacitarse en materia de certeza jur\u00eddica y cumplimiento de las obligaciones fiscales, as\u00ed como la necesidad de participar en los cursos de mediaci\u00f3n, fortalecer las relaciones con los municipios del estado, el Tribunal Superior de Justicia del Estado de Quintana Roo e instancias federales involucradas en el ejercicio del notariado.<\/p>\n\n\n\n<p>De acuerdo con informaci\u00f3n que se proporcion\u00f3, el resto de la nueva directiva del Consejo de Notarios del Estado de Quintana Roo lo integran Elmer Arturo Paredes Quintero como Secretario, y Janine Sof\u00eda Regalado Ram\u00edrez como Tesorero.<\/p>\n\n\n\n<p>En las vocal\u00edas quedaron V\u00edctor Manuel Sant\u00edn Coral e Ivonne Lemus Arellano, como primero y segundo vocal, respectivamente; y Carlos Alberto Baz\u00e1n Castro, Juan Abundio Mart\u00ednez Mart\u00ednez, Carmen Nicol\u00e1s Ram\u00edrez, Nancy Peggy Maga\u00f1a Tintore y Edgar Ordo\u00f1ez Dur\u00e1n, como primero, segundo, tercero, cuarto y quinto vocal suplente, respectivamente.<\/p>\n","protected":false},"excerpt":{"rendered":"<p>(Redacci\u00f3n) El nuevo presidente del Consejo, anunci\u00f3 que en su gesti\u00f3n buscar\u00e1 fortalecerlo en materia de calidad, profesionalismo y servicio para que los notarios atiendan mejor a las personas con mayor certeza jur\u00eddica Chetumal, Quintana Roo a 22 de marzo de 2020.- Por mayor\u00eda, el titular de la Notar\u00eda N\u00famero 35 con sede en Playa [&hellip;]<\/p>\n","protected":false},"author":1,"featured_media":151628,"comment_status":"open","ping_status":"open","sticky":false,"template":"","format":"standard","meta":{"footnotes":""},"categories":[3],"tags":[],"class_list":["post-151627","post","type-post","status-publish","format-standard","has-post-thumbnail","hentry","category-quintana-roo","entry","has-media"],"jetpack_featured_media_url":"http:\/\/vertienteglobal.com\/wp-content\/uploads\/2020\/03\/IMG_20200322_170532.jpg","_links":{"self":[{"href":"http:\/\/vertienteglobal.com\/index.php?rest_route=\/wp\/v2\/posts\/151627","targetHints":{"allow":["GET"]}}],"collection":[{"href":"http:\/\/vertienteglobal.com\/index.php?rest_route=\/wp\/v2\/posts"}],"about":[{"href":"http:\/\/vertienteglobal.com\/index.php?rest_route=\/wp\/v2\/types\/post"}],"author":[{"embeddable":true,"href":"http:\/\/vertienteglobal.com\/index.php?rest_route=\/wp\/v2\/users\/1"}],"replies":[{"embeddable":true,"href":"http:\/\/vertienteglobal.com\/index.php?rest_route=%2Fwp%2Fv2%2Fcomments&post=151627"}],"version-history":[{"count":0,"href":"http:\/\/vertienteglobal.com\/index.php?rest_route=\/wp\/v2\/posts\/151627\/revisions"}],"wp:featuredmedia":[{"embeddable":true,"href":"http:\/\/vertienteglobal.com\/index.php?rest_route=\/wp\/v2\/media\/151628"}],"wp:attachment":[{"href":"http:\/\/vertienteglobal.com\/index.php?rest_route=%2Fwp%2Fv2%2Fmedia&parent=151627"}],"wp:term":[{"taxonomy":"category","embeddable":true,"href":"http:\/\/vertienteglobal.com\/index.php?rest_route=%2Fwp%2Fv2%2Fcategories&post=151627"},{"taxonomy":"post_tag","embeddable":true,"href":"http:\/\/vertienteglobal.com\/index.php?rest_route=%2Fwp%2Fv2%2Ftags&post=151627"}],"curies":[{"name":"wp","href":"https:\/\/api.w.org\/{rel}","templated":true}]}}