{"id":151571,"date":"2020-03-21T19:43:03","date_gmt":"2020-03-22T01:43:03","guid":{"rendered":"http:\/\/vertienteglobal.com\/?p=151571"},"modified":"2020-03-22T11:46:37","modified_gmt":"2020-03-22T17:46:37","slug":"grupo-xcaret-suspende-temporalmente-la-operacion-de-sus-parques-y-tours-a-partir-del-lunes-23-de-marzo","status":"publish","type":"post","link":"http:\/\/vertienteglobal.com\/?p=151571","title":{"rendered":"Grupo Xcaret suspende temporalmente la operaci\u00f3n de sus Parques y Tours a partir del lunes 23 de marzo"},"content":{"rendered":"\n<div class=\"twitterbutton\" style=\"float: right; padding-left: 5px;\"><a href=\"http:\/\/twitter.com\/share\" class=\"twitter-share-button\" data-count=\"horizontal\" data-text=\"Grupo Xcaret suspende temporalmente la operaci\u00f3n de sus Parques y Tours a parti...\" data-via=\"https:\/\/twitter.com\/VertienteGloba1\" data-url=\"http:\/\/vertienteglobal.com\/?p=151571\" data-lang=\"es\" data-related=\"Informaci\u00f3n general:S\u00edguenos para que est\u00e9ss informado\"><\/a><\/div>\n<figure class=\"wp-block-image size-large\"><img loading=\"lazy\" decoding=\"async\" width=\"720\" height=\"375\" src=\"http:\/\/vertienteglobal.com\/wp-content\/uploads\/2020\/03\/20200321_200417-720x375-1.jpg\" alt=\"\" class=\"wp-image-151572\" srcset=\"http:\/\/vertienteglobal.com\/wp-content\/uploads\/2020\/03\/20200321_200417-720x375-1.jpg 720w, http:\/\/vertienteglobal.com\/wp-content\/uploads\/2020\/03\/20200321_200417-720x375-1-300x156.jpg 300w, http:\/\/vertienteglobal.com\/wp-content\/uploads\/2020\/03\/20200321_200417-720x375-1-150x78.jpg 150w\" sizes=\"auto, (max-width: 720px) 100vw, 720px\" \/><\/figure>\n\n\n\n<p>(Antonio Rivera)<\/p>\n\n\n\n<p>Hotel Xcaret M\u00e9xico atender\u00e1 a los hu\u00e9spedes que ya tiene, y suspenden las reservaciones donde los hu\u00e9spedes ingresen entre el lunes 23 de marzo y domingo 5 de abril<\/p>\n\n\n\n<p>Parques, Tours y Hotel Xcaret M\u00e9xico reabrir\u00e1n sus puertas y reservaciones a partir del lunes 6 de abril<\/p>\n\n\n\n<p>Canc\u00fan, Quintana Roo a 21 de marzo de 2020.- La contingencia sanitaria por el paulatino aumento de contagio por coronavirus ha obligado este s\u00e1bado a Grupo Xcaret tomar la decisi\u00f3n de \u201capretarse el cintur\u00f3n\u201d suspendiendo las operaciones de sus parques y tours, as\u00ed como reservaciones en el hotel, aunque seguir\u00e1 atendiendo a sus hu\u00e9spedes.<\/p>\n\n\n\n<p>Y es que en un mensaje del presidente de ese grupo empresarial, MIGUEL Quintana Pali, y un comunicado de prensa, se inform\u00f3 este s\u00e1bado que se suspende temporalmente la operaci\u00f3n de sus Parques y Tours a partir del lunes 23 de marzo.<\/p>\n\n\n\n<p>En tanto que el Hotel Xcaret M\u00e9xico atender\u00e1 a los hu\u00e9spedes que ya tiene manteniendo medidas higi\u00e9nicas necesarias, y se suspenden las reservaciones donde los hu\u00e9spedes ingresen entre el lunes 23 de marzo y domingo 5 de abril.<\/p>\n\n\n\n<p>Asimismo precis\u00f3 que los Parques, Tours y Hotel Xcaret M\u00e9xico reabrir\u00e1n sus puertas y reservaciones a partir del lunes 6 de abril.<\/p>\n\n\n\n<p>Aqu\u00ed el comunicado:<\/p>\n\n\n\n<p>Tras hacer una evaluaci\u00f3n de la sensible situaci\u00f3n que estamos viviendo a nivel mundial, en Grupo Xcaret hemos decidido suspender temporalmente la operaci\u00f3n de nuestros Parques y Tours a partir del lunes 23 de marzo.<\/p>\n\n\n\n<p>Con respecto al Hotel Xcaret M\u00e9xico atenderemos a los hu\u00e9spedes que ya tenemos en casa, tomando las medidas de higiene necesarias, as\u00ed mismo, se suspenden las reservaciones donde los hu\u00e9spedes ingresen entre el lunes 23 de marzo y domingo 5 de abril.<\/p>\n\n\n\n<p>Parques, Tours y Hotel Xcaret M\u00e9xico reabrir\u00e1n sus puertas y reservaciones a partir del lunes 6 de abril.<\/p>\n\n\n\n<p>Todo ello atendiendo a las normas y recomendaciones de la Organizaci\u00f3n Mundial de la Salud y las autoridades locales con la finalidad de apoyar en la lucha contra la propagaci\u00f3n de COVID-19 y salvaguardar la integridad, salud y seguridad de nuestros colaboradores, visitantes y hu\u00e9spedes.<\/p>\n\n\n\n<p>Estamos viviendo tiempos de desaf\u00edos inimaginables en los que la uni\u00f3n y el trabajo colaborativo ser\u00e1n el camino para superar esta crisis que est\u00e1 afectando a todos a nivel mundial. <\/p>\n\n\n\n<p>Debemos tomar decisiones oportunas, responsables y valientes que garanticen tanto el bienestar y salud de todos como la conservaci\u00f3n de las plazas laborales que generamos.<\/p>\n\n\n\n<p>En Grupo Xcaret hemos tomado las medidas necesarias para conservar la plantilla laboral ya que nuestro compromiso se extiende a 13,000 familias. <\/p>\n\n\n\n<p>Hemos conversado con todos nuestros colaboradores y explicado los diferentes escenarios para darles certeza y claridad sobre las acciones a seguir. <\/p>\n\n\n\n<p>Debemos disminuir la incertidumbre en estos tiempos para que las personas se concentren en cuidarse.<\/p>\n\n\n\n<p>Agradecemos profundamente la respuesta y compromiso que hemos recibido de parte de todos y cada uno de nuestros colaboradores.<\/p>\n\n\n\n<p>Tanto en Grupo Xcaret como en Quintana Roo y M\u00e9xico, hemos pasado por innumerables situaciones que han puesto a prueba nuestra solidaridad, ingenio, compromiso y resiliencia. <\/p>\n\n\n\n<p>Somos una gran naci\u00f3n y estamos seguros de que juntos saldremos adelante.<\/p>\n\n\n\n<p>Unidos podremos salvaguardar nuestra integridad y reactivar las econom\u00edas cuando la situaci\u00f3n est\u00e9 controlada.<\/p>\n\n\n\n<p>Estamos ubicados en lugares bendecidos por la madre naturaleza.<\/p>\n\n\n\n<p>Esperamos pronto dar la bienvenida a nuestros visitantes y hu\u00e9spedes vestidos de verde selva y azul de aguas caribe\u00f1as, ataviados de tradici\u00f3n y herencia cultural, con los brazos abiertos y renovados br\u00edos. <\/p>\n\n\n\n<p>Siempre preparados para hacer m\u00e1s feliz al planeta contagiando nuestro gran amor por M\u00e9xico.<\/p>\n\n\n\n<p>Con el coraz\u00f3n en la mano y nuestro profundo agradecimiento.<\/p>\n\n\n\n<p>Mensaje de Quintana Pali<\/p>\n\n\n\n<p>Por la tarde, en breve mensaje en youtube, el presidente de Grupo Xcaret, MIGUEL Quintana Pali dijo saber que son tiempos dif\u00edciles y que todos \u201ctendremos que apretarnos el cintur\u00f3n\u201d pero est\u00e1 seguro que saldremos mucho m\u00e1s fortalecido de esta situaci\u00f3n como a ocurrido en el pasado.<\/p>\n\n\n\n<p>\u201cNuestro principal objetivo es conservar la fuente de trabajo de todos los colaborarle.<\/p>\n\n\n\n<p>Recordarles que todos somos miembros de una misma familia, la familia Xcaret, y todos juntos saldremos adelante\u201d.<\/p>\n\n\n\n<figure class=\"wp-block-image size-large\"><img loading=\"lazy\" decoding=\"async\" width=\"728\" height=\"314\" src=\"http:\/\/vertienteglobal.com\/wp-content\/uploads\/2020\/03\/IMG-20200321-WA0141.jpg\" alt=\"\" class=\"wp-image-151573\" srcset=\"http:\/\/vertienteglobal.com\/wp-content\/uploads\/2020\/03\/IMG-20200321-WA0141.jpg 728w, http:\/\/vertienteglobal.com\/wp-content\/uploads\/2020\/03\/IMG-20200321-WA0141-300x129.jpg 300w, http:\/\/vertienteglobal.com\/wp-content\/uploads\/2020\/03\/IMG-20200321-WA0141-150x65.jpg 150w\" sizes=\"auto, (max-width: 728px) 100vw, 728px\" \/><\/figure>\n\n\n\n<figure class=\"wp-block-image size-large\"><img loading=\"lazy\" decoding=\"async\" width=\"651\" height=\"400\" src=\"http:\/\/vertienteglobal.com\/wp-content\/uploads\/2020\/03\/IMG-20200321-WA0140.jpg\" alt=\"\" class=\"wp-image-151574\" srcset=\"http:\/\/vertienteglobal.com\/wp-content\/uploads\/2020\/03\/IMG-20200321-WA0140.jpg 651w, http:\/\/vertienteglobal.com\/wp-content\/uploads\/2020\/03\/IMG-20200321-WA0140-300x184.jpg 300w, http:\/\/vertienteglobal.com\/wp-content\/uploads\/2020\/03\/IMG-20200321-WA0140-150x92.jpg 150w\" sizes=\"auto, (max-width: 651px) 100vw, 651px\" \/><\/figure>\n\n\n\n<figure class=\"wp-block-image size-large\"><img loading=\"lazy\" decoding=\"async\" width=\"728\" height=\"314\" src=\"http:\/\/vertienteglobal.com\/wp-content\/uploads\/2020\/03\/IMG-20200321-WA0141-1.jpg\" alt=\"\" class=\"wp-image-151575\" srcset=\"http:\/\/vertienteglobal.com\/wp-content\/uploads\/2020\/03\/IMG-20200321-WA0141-1.jpg 728w, http:\/\/vertienteglobal.com\/wp-content\/uploads\/2020\/03\/IMG-20200321-WA0141-1-300x129.jpg 300w, http:\/\/vertienteglobal.com\/wp-content\/uploads\/2020\/03\/IMG-20200321-WA0141-1-150x65.jpg 150w\" sizes=\"auto, (max-width: 728px) 100vw, 728px\" \/><\/figure>\n","protected":false},"excerpt":{"rendered":"<p>(Antonio Rivera) Hotel Xcaret M\u00e9xico atender\u00e1 a los hu\u00e9spedes que ya tiene, y suspenden las reservaciones donde los hu\u00e9spedes ingresen entre el lunes 23 de marzo y domingo 5 de abril Parques, Tours y Hotel Xcaret M\u00e9xico reabrir\u00e1n sus puertas y reservaciones a partir del lunes 6 de abril Canc\u00fan, Quintana Roo a 21 de [&hellip;]<\/p>\n","protected":false},"author":1,"featured_media":151574,"comment_status":"open","ping_status":"open","sticky":false,"template":"","format":"standard","meta":{"footnotes":""},"categories":[3],"tags":[],"class_list":["post-151571","post","type-post","status-publish","format-standard","has-post-thumbnail","hentry","category-quintana-roo","entry","has-media"],"jetpack_featured_media_url":"http:\/\/vertienteglobal.com\/wp-content\/uploads\/2020\/03\/IMG-20200321-WA0140.jpg","_links":{"self":[{"href":"http:\/\/vertienteglobal.com\/index.php?rest_route=\/wp\/v2\/posts\/151571","targetHints":{"allow":["GET"]}}],"collection":[{"href":"http:\/\/vertienteglobal.com\/index.php?rest_route=\/wp\/v2\/posts"}],"about":[{"href":"http:\/\/vertienteglobal.com\/index.php?rest_route=\/wp\/v2\/types\/post"}],"author":[{"embeddable":true,"href":"http:\/\/vertienteglobal.com\/index.php?rest_route=\/wp\/v2\/users\/1"}],"replies":[{"embeddable":true,"href":"http:\/\/vertienteglobal.com\/index.php?rest_route=%2Fwp%2Fv2%2Fcomments&post=151571"}],"version-history":[{"count":0,"href":"http:\/\/vertienteglobal.com\/index.php?rest_route=\/wp\/v2\/posts\/151571\/revisions"}],"wp:featuredmedia":[{"embeddable":true,"href":"http:\/\/vertienteglobal.com\/index.php?rest_route=\/wp\/v2\/media\/151574"}],"wp:attachment":[{"href":"http:\/\/vertienteglobal.com\/index.php?rest_route=%2Fwp%2Fv2%2Fmedia&parent=151571"}],"wp:term":[{"taxonomy":"category","embeddable":true,"href":"http:\/\/vertienteglobal.com\/index.php?rest_route=%2Fwp%2Fv2%2Fcategories&post=151571"},{"taxonomy":"post_tag","embeddable":true,"href":"http:\/\/vertienteglobal.com\/index.php?rest_route=%2Fwp%2Fv2%2Ftags&post=151571"}],"curies":[{"name":"wp","href":"https:\/\/api.w.org\/{rel}","templated":true}]}}