{"id":151557,"date":"2020-03-21T15:31:37","date_gmt":"2020-03-21T21:31:37","guid":{"rendered":"http:\/\/vertienteglobal.com\/?p=151557"},"modified":"2020-03-22T11:33:16","modified_gmt":"2020-03-22T17:33:16","slug":"placido-domingo-da-positivo-a-coronavirus","status":"publish","type":"post","link":"http:\/\/vertienteglobal.com\/?p=151557","title":{"rendered":"Pl\u00e1cido Domingo da positivo a coronavirus"},"content":{"rendered":"\n<div class=\"twitterbutton\" style=\"float: right; padding-left: 5px;\"><a href=\"http:\/\/twitter.com\/share\" class=\"twitter-share-button\" data-count=\"horizontal\" data-text=\"Pl\u00e1cido Domingo da positivo a coronavirus\" data-via=\"https:\/\/twitter.com\/VertienteGloba1\" data-url=\"http:\/\/vertienteglobal.com\/?p=151557\" data-lang=\"es\" data-related=\"Informaci\u00f3n general:S\u00edguenos para que est\u00e9ss informado\"><\/a><\/div>\n<figure class=\"wp-block-image size-large\"><img loading=\"lazy\" decoding=\"async\" width=\"1024\" height=\"683\" src=\"http:\/\/vertienteglobal.com\/wp-content\/uploads\/2020\/03\/1091392.jpg\" alt=\"\" class=\"wp-image-151558\" srcset=\"http:\/\/vertienteglobal.com\/wp-content\/uploads\/2020\/03\/1091392.jpg 1024w, http:\/\/vertienteglobal.com\/wp-content\/uploads\/2020\/03\/1091392-300x200.jpg 300w, http:\/\/vertienteglobal.com\/wp-content\/uploads\/2020\/03\/1091392-150x100.jpg 150w, http:\/\/vertienteglobal.com\/wp-content\/uploads\/2020\/03\/1091392-768x512.jpg 768w\" sizes=\"auto, (max-width: 1024px) 100vw, 1024px\" \/><\/figure>\n\n\n\n<p>(Redacci\u00f3n)<\/p>\n\n\n\n<p>Mi familia y yo estamos y seguiremos individualmente aislados por todo el tiempo que se considere necesario m\u00e9dicamente, dijo el tenor<\/p>\n\n\n\n<p>Ciudad de M\u00e9xico a 21 de marzo de 2020.- El tenor espa\u00f1ol Pl\u00e1cido Domingo confirm\u00f3 a trav\u00e9s de su cuenta de Facebook que dio positivo a la prueba del coronavirus.<\/p>\n\n\n\n<p>En un mensaje, detall\u00f3: \u201cMi familia y yo estamos y seguiremos individualmente aislados por todo el tiempo que se considere necesario m\u00e9dicamente\u00bb.<\/p>\n\n\n\n<p>\u201cOs ruego a todos a ser extremadamente cuidadosos, seguir las normas b\u00e1sicas como lavarse las manos con frecuencia, mantenerse al menos a dos metros de distancia de los dem\u00e1s, haciendo todo lo que se pueda para detener la propagaci\u00f3n del virus y sobre todo, qued\u00e1ndose en casa si es posible\u201d.<\/p>\n","protected":false},"excerpt":{"rendered":"<p>(Redacci\u00f3n) Mi familia y yo estamos y seguiremos individualmente aislados por todo el tiempo que se considere necesario m\u00e9dicamente, dijo el tenor Ciudad de M\u00e9xico a 21 de marzo de 2020.- El tenor espa\u00f1ol Pl\u00e1cido Domingo confirm\u00f3 a trav\u00e9s de su cuenta de Facebook que dio positivo a la prueba del coronavirus. En un mensaje, [&hellip;]<\/p>\n","protected":false},"author":1,"featured_media":151558,"comment_status":"open","ping_status":"open","sticky":false,"template":"","format":"standard","meta":{"footnotes":""},"categories":[10],"tags":[],"class_list":["post-151557","post","type-post","status-publish","format-standard","has-post-thumbnail","hentry","category-espectaculos","entry","has-media"],"jetpack_featured_media_url":"http:\/\/vertienteglobal.com\/wp-content\/uploads\/2020\/03\/1091392.jpg","_links":{"self":[{"href":"http:\/\/vertienteglobal.com\/index.php?rest_route=\/wp\/v2\/posts\/151557","targetHints":{"allow":["GET"]}}],"collection":[{"href":"http:\/\/vertienteglobal.com\/index.php?rest_route=\/wp\/v2\/posts"}],"about":[{"href":"http:\/\/vertienteglobal.com\/index.php?rest_route=\/wp\/v2\/types\/post"}],"author":[{"embeddable":true,"href":"http:\/\/vertienteglobal.com\/index.php?rest_route=\/wp\/v2\/users\/1"}],"replies":[{"embeddable":true,"href":"http:\/\/vertienteglobal.com\/index.php?rest_route=%2Fwp%2Fv2%2Fcomments&post=151557"}],"version-history":[{"count":0,"href":"http:\/\/vertienteglobal.com\/index.php?rest_route=\/wp\/v2\/posts\/151557\/revisions"}],"wp:featuredmedia":[{"embeddable":true,"href":"http:\/\/vertienteglobal.com\/index.php?rest_route=\/wp\/v2\/media\/151558"}],"wp:attachment":[{"href":"http:\/\/vertienteglobal.com\/index.php?rest_route=%2Fwp%2Fv2%2Fmedia&parent=151557"}],"wp:term":[{"taxonomy":"category","embeddable":true,"href":"http:\/\/vertienteglobal.com\/index.php?rest_route=%2Fwp%2Fv2%2Fcategories&post=151557"},{"taxonomy":"post_tag","embeddable":true,"href":"http:\/\/vertienteglobal.com\/index.php?rest_route=%2Fwp%2Fv2%2Ftags&post=151557"}],"curies":[{"name":"wp","href":"https:\/\/api.w.org\/{rel}","templated":true}]}}