{"id":151524,"date":"2020-03-21T09:42:00","date_gmt":"2020-03-21T15:42:00","guid":{"rendered":"http:\/\/vertienteglobal.com\/?p=151524"},"modified":"2020-03-21T10:25:34","modified_gmt":"2020-03-21T16:25:34","slug":"llama-gobernador-de-jalisco-a-cinco-dias-de-aislamiento-por-coronavirus","status":"publish","type":"post","link":"http:\/\/vertienteglobal.com\/?p=151524","title":{"rendered":"Llama gobernador de Jalisco a cinco d\u00edas de aislamiento por coronavirus"},"content":{"rendered":"\n<div class=\"twitterbutton\" style=\"float: right; padding-left: 5px;\"><a href=\"http:\/\/twitter.com\/share\" class=\"twitter-share-button\" data-count=\"horizontal\" data-text=\"Llama gobernador de Jalisco a cinco d\u00edas de aislamiento por coronavirus\" data-via=\"https:\/\/twitter.com\/VertienteGloba1\" data-url=\"http:\/\/vertienteglobal.com\/?p=151524\" data-lang=\"es\" data-related=\"Informaci\u00f3n general:S\u00edguenos para que est\u00e9ss informado\"><\/a><\/div>\n<figure class=\"wp-block-image size-large\"><img loading=\"lazy\" decoding=\"async\" width=\"1024\" height=\"682\" src=\"http:\/\/vertienteglobal.com\/wp-content\/uploads\/2020\/03\/1091265.jpg\" alt=\"\" class=\"wp-image-151525\" srcset=\"http:\/\/vertienteglobal.com\/wp-content\/uploads\/2020\/03\/1091265.jpg 1024w, http:\/\/vertienteglobal.com\/wp-content\/uploads\/2020\/03\/1091265-300x200.jpg 300w, http:\/\/vertienteglobal.com\/wp-content\/uploads\/2020\/03\/1091265-150x100.jpg 150w, http:\/\/vertienteglobal.com\/wp-content\/uploads\/2020\/03\/1091265-768x512.jpg 768w\" sizes=\"auto, (max-width: 1024px) 100vw, 1024px\" \/><\/figure>\n\n\n\n<p>(Redacci\u00f3n)<\/p>\n\n\n\n<p>En un video difundido en redes sociales, el mandatario estatal, se\u00f1al\u00f3 que no es un llamado para entrar en p\u00e1nico, sino un mensaje al pueblo de Jalisco para enfrentar juntos la contingencia, unidos, con absoluta seriedad y responsabilidad<\/p>\n\n\n\n<p>Guadalajara, Jalisco a 21 de marzo de 2020.- De acuerdo a un estudio de la Universidad de Guadalajara, que prev\u00e9 que los siguientes cinco d\u00edas son cr\u00edticos en la fase de contagio dom\u00e9stico del Covid-19, el gobernador de Jalisco, Enrique Alfaro, llam\u00f3 a la poblaci\u00f3n a no salir de sus casas hasta despu\u00e9s del pr\u00f3ximo mi\u00e9rcoles.<\/p>\n\n\n\n<p>Y es que dio a conocer que \u00abJalisco necesita que de aqu\u00ed al mi\u00e9rcoles no salgamos de nuestras casas si no es para lo estrictamente necesario. No se trata de prohibiciones de gobierno. Se trata del compromiso de todos con nuestra gente, con nuestro estado y con nuestro pa\u00eds\u00bb.<\/p>\n\n\n\n<p>En un video difundido en redes sociales, el mandatario estatal, se\u00f1al\u00f3 que no es un llamado para entrar en p\u00e1nico, sino un mensaje al pueblo de Jalisco para enfrentar juntos la contingencia, unidos, con absoluta seriedad y responsabilidad.<\/p>\n\n\n\n<p>Dijo: \u00abEs un llamado sustentado en evidencia cient\u00edfica, no en ocurrencias o corazonadas. Es un llamado que busca evitar el escenario de la cuarentena obligatoria, de medidas radicales por no actuar a tiempo, como hoy sucede en el estado de California\u201d.<\/p>\n\n\n\n<p>El gobernador de Jalisco record\u00f3 que la entidad tom\u00f3 medidas anticipadas como la suspensi\u00f3n adelantada de clases, la suspensi\u00f3n preventiva de eventos masivos de car\u00e1cter social, cultural, deportivo; los filtros sanitarios en aeropuertos, puertos y centrales camioneras; el cierre de bares, cantinas y salones de fiesta, as\u00ed como los apoyos a peque\u00f1os empresarios y gente autoempleada para salvaguardar principalmente la salud, la vida de miles de personas y la econom\u00eda.<\/p>\n","protected":false},"excerpt":{"rendered":"<p>(Redacci\u00f3n) En un video difundido en redes sociales, el mandatario estatal, se\u00f1al\u00f3 que no es un llamado para entrar en p\u00e1nico, sino un mensaje al pueblo de Jalisco para enfrentar juntos la contingencia, unidos, con absoluta seriedad y responsabilidad Guadalajara, Jalisco a 21 de marzo de 2020.- De acuerdo a un estudio de la Universidad [&hellip;]<\/p>\n","protected":false},"author":1,"featured_media":151525,"comment_status":"open","ping_status":"open","sticky":false,"template":"","format":"standard","meta":{"footnotes":""},"categories":[8],"tags":[],"class_list":["post-151524","post","type-post","status-publish","format-standard","has-post-thumbnail","hentry","category-pais","entry","has-media"],"jetpack_featured_media_url":"http:\/\/vertienteglobal.com\/wp-content\/uploads\/2020\/03\/1091265.jpg","_links":{"self":[{"href":"http:\/\/vertienteglobal.com\/index.php?rest_route=\/wp\/v2\/posts\/151524","targetHints":{"allow":["GET"]}}],"collection":[{"href":"http:\/\/vertienteglobal.com\/index.php?rest_route=\/wp\/v2\/posts"}],"about":[{"href":"http:\/\/vertienteglobal.com\/index.php?rest_route=\/wp\/v2\/types\/post"}],"author":[{"embeddable":true,"href":"http:\/\/vertienteglobal.com\/index.php?rest_route=\/wp\/v2\/users\/1"}],"replies":[{"embeddable":true,"href":"http:\/\/vertienteglobal.com\/index.php?rest_route=%2Fwp%2Fv2%2Fcomments&post=151524"}],"version-history":[{"count":0,"href":"http:\/\/vertienteglobal.com\/index.php?rest_route=\/wp\/v2\/posts\/151524\/revisions"}],"wp:featuredmedia":[{"embeddable":true,"href":"http:\/\/vertienteglobal.com\/index.php?rest_route=\/wp\/v2\/media\/151525"}],"wp:attachment":[{"href":"http:\/\/vertienteglobal.com\/index.php?rest_route=%2Fwp%2Fv2%2Fmedia&parent=151524"}],"wp:term":[{"taxonomy":"category","embeddable":true,"href":"http:\/\/vertienteglobal.com\/index.php?rest_route=%2Fwp%2Fv2%2Fcategories&post=151524"},{"taxonomy":"post_tag","embeddable":true,"href":"http:\/\/vertienteglobal.com\/index.php?rest_route=%2Fwp%2Fv2%2Ftags&post=151524"}],"curies":[{"name":"wp","href":"https:\/\/api.w.org\/{rel}","templated":true}]}}