{"id":151489,"date":"2020-03-20T21:31:00","date_gmt":"2020-03-21T03:31:00","guid":{"rendered":"http:\/\/vertienteglobal.com\/?p=151489"},"modified":"2020-03-21T00:32:07","modified_gmt":"2020-03-21T06:32:07","slug":"cierra-belice-sus-fronteras-con-mexico-a-partir-de-la-medianoche-de-este-sabado","status":"publish","type":"post","link":"http:\/\/vertienteglobal.com\/?p=151489","title":{"rendered":"Cierra Belice sus fronteras con M\u00e9xico a partir de la medianoche de este s\u00e1bado"},"content":{"rendered":"\n<div class=\"twitterbutton\" style=\"float: right; padding-left: 5px;\"><a href=\"http:\/\/twitter.com\/share\" class=\"twitter-share-button\" data-count=\"horizontal\" data-text=\"Cierra Belice sus fronteras con M\u00e9xico a partir de la medianoche de este s\u00e1bad...\" data-via=\"https:\/\/twitter.com\/VertienteGloba1\" data-url=\"http:\/\/vertienteglobal.com\/?p=151489\" data-lang=\"es\" data-related=\"Informaci\u00f3n general:S\u00edguenos para que est\u00e9ss informado\"><\/a><\/div>\n<figure class=\"wp-block-image size-large\"><img loading=\"lazy\" decoding=\"async\" width=\"770\" height=\"470\" src=\"http:\/\/vertienteglobal.com\/wp-content\/uploads\/2020\/03\/IMG_20200321_005853.jpg\" alt=\"\" class=\"wp-image-151490\" srcset=\"http:\/\/vertienteglobal.com\/wp-content\/uploads\/2020\/03\/IMG_20200321_005853.jpg 770w, http:\/\/vertienteglobal.com\/wp-content\/uploads\/2020\/03\/IMG_20200321_005853-300x183.jpg 300w, http:\/\/vertienteglobal.com\/wp-content\/uploads\/2020\/03\/IMG_20200321_005853-150x92.jpg 150w, http:\/\/vertienteglobal.com\/wp-content\/uploads\/2020\/03\/IMG_20200321_005853-768x469.jpg 768w\" sizes=\"auto, (max-width: 770px) 100vw, 770px\" \/><\/figure>\n\n\n\n<p>(Redacci\u00f3n)<\/p>\n\n\n\n<p>El comit\u00e9 determina que a partir de la medianoche del s\u00e1bado 21 de marzo, la frontera norte de Belice estar\u00e1 cerrada y s\u00f3lo se permitir\u00e1 el tr\u00e1nsito a camiones de carga, adem\u00e1s de que s\u00f3lo ciudadanos belice\u00f1os, residentes y diplom\u00e1ticos que residen en Belice, podr\u00e1n ingresar al pa\u00eds, pero estar\u00e1n sujetos a inspecci\u00f3n y posible cuarentena durante 14 d\u00edas<\/p>\n\n\n\n<p>Chetumal, Quintana Roo a 20 de marzo de 2020.- A partir de la medianoche de este s\u00e1bado 21 de marzo, el gobierno de Belice cerrar\u00e1 su frontera norte que colinda con M\u00e9xico, a trav\u00e9s del Estado de Quintana Roo, para evitar la propagaci\u00f3n del coronavirus, ya que hasta el momento se mantiene libre de dicha enfermedad.<\/p>\n\n\n\n<p>Y es que a trav\u00e9s de un comunicado, y al t\u00e9rmino de la segunda reuni\u00f3n del Comit\u00e9 Nacional de Supervisi\u00f3n de Salud, se acordaron medidas para proteger la salud de los ciudadanos belice\u00f1os y reducir la amenaza de transmisi\u00f3n del COVID-19 en Belice, tomando en cuenta el comportamiento que se ha tenido en las fronteras internacionales y regionales.<\/p>\n\n\n\n<p>El comit\u00e9 determina que a partir de la medianoche del s\u00e1bado 21 de marzo, la frontera norte de Belice estar\u00e1 cerrada y s\u00f3lo se permitir\u00e1 el tr\u00e1nsito a camiones de carga, adem\u00e1s de que s\u00f3lo ciudadanos belice\u00f1os, residentes y diplom\u00e1ticos que residen en Belice, podr\u00e1n ingresar al pa\u00eds, pero estar\u00e1n sujetos a inspecci\u00f3n y posible cuarentena durante 14 d\u00edas.<\/p>\n\n\n\n<p>De manera similar, la frontera norte estar\u00e1 cerrada para nacionales y residentes que deseen viajar a Belice excepto en caso de emergencia.<\/p>\n\n\n\n<p>El aeropuerto internacional Philip S.W Goldson estar\u00e1 cerrado a partir del lunes 23 de marzo despu\u00e9s de la salida del \u00faltimo vuelo programado.<\/p>\n\n\n\n<p>El gobierno de Belice inform\u00f3 que estas medidas solo se aplican al movimiento de personas y no se aplican a camiones de carga o aviones de carga.<\/p>\n\n\n\n<p>Las reuniones sociales se limitar\u00e1n a 25 personas. Esto incluye funerales, bodas y otros eventos sociales. Este l\u00edmite no se aplica a los lugares de empleo que deber\u00edan tener protocolos de negocios para el distanciamiento social y planes de continuidad de negocios.<\/p>\n\n\n\n<p>Afirman que la prevenci\u00f3n y la pr\u00e1ctica de autoaislamiento son los dos pasos m\u00e1s importantes que se pueden tomar para evitar un brote en la comunidad.<\/p>\n\n\n\n<p>El Gobierno subraya la importancia de respetar y acatar las instrucciones de aislamiento de seguridad emitidas por el Ministerio de salud.<\/p>\n\n\n\n<p>Todas estas restricciones ser\u00e1n revisadas despu\u00e9s de 30 d\u00edas.<\/p>\n","protected":false},"excerpt":{"rendered":"<p>(Redacci\u00f3n) El comit\u00e9 determina que a partir de la medianoche del s\u00e1bado 21 de marzo, la frontera norte de Belice estar\u00e1 cerrada y s\u00f3lo se permitir\u00e1 el tr\u00e1nsito a camiones de carga, adem\u00e1s de que s\u00f3lo ciudadanos belice\u00f1os, residentes y diplom\u00e1ticos que residen en Belice, podr\u00e1n ingresar al pa\u00eds, pero estar\u00e1n sujetos a inspecci\u00f3n y [&hellip;]<\/p>\n","protected":false},"author":1,"featured_media":151490,"comment_status":"open","ping_status":"open","sticky":false,"template":"","format":"standard","meta":{"footnotes":""},"categories":[3],"tags":[],"class_list":["post-151489","post","type-post","status-publish","format-standard","has-post-thumbnail","hentry","category-quintana-roo","entry","has-media"],"jetpack_featured_media_url":"http:\/\/vertienteglobal.com\/wp-content\/uploads\/2020\/03\/IMG_20200321_005853.jpg","_links":{"self":[{"href":"http:\/\/vertienteglobal.com\/index.php?rest_route=\/wp\/v2\/posts\/151489","targetHints":{"allow":["GET"]}}],"collection":[{"href":"http:\/\/vertienteglobal.com\/index.php?rest_route=\/wp\/v2\/posts"}],"about":[{"href":"http:\/\/vertienteglobal.com\/index.php?rest_route=\/wp\/v2\/types\/post"}],"author":[{"embeddable":true,"href":"http:\/\/vertienteglobal.com\/index.php?rest_route=\/wp\/v2\/users\/1"}],"replies":[{"embeddable":true,"href":"http:\/\/vertienteglobal.com\/index.php?rest_route=%2Fwp%2Fv2%2Fcomments&post=151489"}],"version-history":[{"count":0,"href":"http:\/\/vertienteglobal.com\/index.php?rest_route=\/wp\/v2\/posts\/151489\/revisions"}],"wp:featuredmedia":[{"embeddable":true,"href":"http:\/\/vertienteglobal.com\/index.php?rest_route=\/wp\/v2\/media\/151490"}],"wp:attachment":[{"href":"http:\/\/vertienteglobal.com\/index.php?rest_route=%2Fwp%2Fv2%2Fmedia&parent=151489"}],"wp:term":[{"taxonomy":"category","embeddable":true,"href":"http:\/\/vertienteglobal.com\/index.php?rest_route=%2Fwp%2Fv2%2Fcategories&post=151489"},{"taxonomy":"post_tag","embeddable":true,"href":"http:\/\/vertienteglobal.com\/index.php?rest_route=%2Fwp%2Fv2%2Ftags&post=151489"}],"curies":[{"name":"wp","href":"https:\/\/api.w.org\/{rel}","templated":true}]}}