{"id":151387,"date":"2020-03-20T07:24:00","date_gmt":"2020-03-20T13:24:00","guid":{"rendered":"http:\/\/vertienteglobal.com\/?p=151387"},"modified":"2020-03-20T09:59:38","modified_gmt":"2020-03-20T15:59:38","slug":"llego-la-primavera-2020","status":"publish","type":"post","link":"http:\/\/vertienteglobal.com\/?p=151387","title":{"rendered":"Lleg\u00f3 la primavera 2020"},"content":{"rendered":"\n<div class=\"twitterbutton\" style=\"float: right; padding-left: 5px;\"><a href=\"http:\/\/twitter.com\/share\" class=\"twitter-share-button\" data-count=\"horizontal\" data-text=\"Lleg\u00f3 la primavera 2020\" data-via=\"https:\/\/twitter.com\/VertienteGloba1\" data-url=\"http:\/\/vertienteglobal.com\/?p=151387\" data-lang=\"es\" data-related=\"Informaci\u00f3n general:S\u00edguenos para que est\u00e9ss informado\"><\/a><\/div>\n<figure class=\"wp-block-image size-large\"><img loading=\"lazy\" decoding=\"async\" width=\"1024\" height=\"682\" src=\"http:\/\/vertienteglobal.com\/wp-content\/uploads\/2020\/03\/99869.jpg\" alt=\"\" class=\"wp-image-151388\" srcset=\"http:\/\/vertienteglobal.com\/wp-content\/uploads\/2020\/03\/99869.jpg 1024w, http:\/\/vertienteglobal.com\/wp-content\/uploads\/2020\/03\/99869-300x200.jpg 300w, http:\/\/vertienteglobal.com\/wp-content\/uploads\/2020\/03\/99869-150x100.jpg 150w, http:\/\/vertienteglobal.com\/wp-content\/uploads\/2020\/03\/99869-768x512.jpg 768w\" sizes=\"auto, (max-width: 1024px) 100vw, 1024px\" \/><\/figure>\n\n\n\n<p>(Redacci\u00f3n)<\/p>\n\n\n\n<p>El especialista destac\u00f3 que nuestro calendario de 365 d\u00edas no coincide con el tiempo que la tierra tarda en darle la vuelta al sol, es por eso que no hay una fecha exacta del equinoccio<\/p>\n\n\n\n<p>Ciudad de M\u00e9xico a 20 de marzo de 2020.- El equinoccio de primavera es un evento astron\u00f3mico en el que el sol cruza exactamente por el ecuador celeste, del hemisferio sur al norte desde la perspectiva de la Tierra. Esto provoca que tanto el d\u00eda como la noche tengan la misma duraci\u00f3n. Oficialmente, la primavera lleg\u00f3 la noche del jueves 19 de marzo a las 21:50 horas.<\/p>\n\n\n\n<p>Y es que en 2020 el equinoccio se adelant\u00f3 dos d\u00edas, pues regularmente se registra cada 21 de marzo.<\/p>\n\n\n\n<p>\u00b4Regularmente se acostumbra celebrar el 21 de marzo, pero no todos los a\u00f1os ocurre el mismo d\u00eda, pues los calendarios hacen un conteo de d\u00edas enteros, cuando los ciclos astron\u00f3micos se dan en n\u00fameros fraccionarios&#8217;, explic\u00f3 Daniel Flores Guti\u00e9rrez, acad\u00e9mico del Instituto de Astronom\u00eda (IA) de la UNAM.<\/p>\n\n\n\n<p>El especialista destac\u00f3 que nuestro calendario de 365 d\u00edas no coincide con el tiempo que la tierra tarda en darle la vuelta al sol, es por eso que no hay una fecha exacta del equinoccio.<\/p>\n\n\n\n<p>Este fen\u00f3meno (equinoccio), ocurre dos veces al a\u00f1o, el primero es el de primavera en marzo y el segundo es el de oto\u00f1o, que ocurre en septiembre.<\/p>\n\n\n\n<p>Regularmente durante el equinoccio, muchos ciudadanos acostumbran a zonas arqueol\u00f3gicas a cargarse de energ\u00eda.<\/p>\n\n\n\n<p>Sin embargo, los sitios arqueol\u00f3gicos est\u00e1n cerrados en M\u00e9xico por la emergencia mundial del coronavirus, una medida adoptada por gobiernos estatal para evitar la propagaci\u00f3n del Covid-19. (Fuente: El Universal)<\/p>\n","protected":false},"excerpt":{"rendered":"<p>(Redacci\u00f3n) El especialista destac\u00f3 que nuestro calendario de 365 d\u00edas no coincide con el tiempo que la tierra tarda en darle la vuelta al sol, es por eso que no hay una fecha exacta del equinoccio Ciudad de M\u00e9xico a 20 de marzo de 2020.- El equinoccio de primavera es un evento astron\u00f3mico en el [&hellip;]<\/p>\n","protected":false},"author":1,"featured_media":151388,"comment_status":"open","ping_status":"open","sticky":false,"template":"","format":"standard","meta":{"footnotes":""},"categories":[8],"tags":[],"class_list":["post-151387","post","type-post","status-publish","format-standard","has-post-thumbnail","hentry","category-pais","entry","has-media"],"jetpack_featured_media_url":"http:\/\/vertienteglobal.com\/wp-content\/uploads\/2020\/03\/99869.jpg","_links":{"self":[{"href":"http:\/\/vertienteglobal.com\/index.php?rest_route=\/wp\/v2\/posts\/151387","targetHints":{"allow":["GET"]}}],"collection":[{"href":"http:\/\/vertienteglobal.com\/index.php?rest_route=\/wp\/v2\/posts"}],"about":[{"href":"http:\/\/vertienteglobal.com\/index.php?rest_route=\/wp\/v2\/types\/post"}],"author":[{"embeddable":true,"href":"http:\/\/vertienteglobal.com\/index.php?rest_route=\/wp\/v2\/users\/1"}],"replies":[{"embeddable":true,"href":"http:\/\/vertienteglobal.com\/index.php?rest_route=%2Fwp%2Fv2%2Fcomments&post=151387"}],"version-history":[{"count":0,"href":"http:\/\/vertienteglobal.com\/index.php?rest_route=\/wp\/v2\/posts\/151387\/revisions"}],"wp:featuredmedia":[{"embeddable":true,"href":"http:\/\/vertienteglobal.com\/index.php?rest_route=\/wp\/v2\/media\/151388"}],"wp:attachment":[{"href":"http:\/\/vertienteglobal.com\/index.php?rest_route=%2Fwp%2Fv2%2Fmedia&parent=151387"}],"wp:term":[{"taxonomy":"category","embeddable":true,"href":"http:\/\/vertienteglobal.com\/index.php?rest_route=%2Fwp%2Fv2%2Fcategories&post=151387"},{"taxonomy":"post_tag","embeddable":true,"href":"http:\/\/vertienteglobal.com\/index.php?rest_route=%2Fwp%2Fv2%2Ftags&post=151387"}],"curies":[{"name":"wp","href":"https:\/\/api.w.org\/{rel}","templated":true}]}}