{"id":151377,"date":"2020-03-19T19:10:00","date_gmt":"2020-03-20T01:10:00","guid":{"rendered":"http:\/\/vertienteglobal.com\/?p=151377"},"modified":"2020-03-19T19:35:55","modified_gmt":"2020-03-20T01:35:55","slug":"el-gobernador-mauricio-vila-dosal-pide-a-los-empresarios-yucatecos-no-despedir-empleados-ante-contingencia-por-el-coronavirus-covid-19","status":"publish","type":"post","link":"http:\/\/vertienteglobal.com\/?p=151377","title":{"rendered":"El Gobernador Mauricio Vila Dosal pide a los empresarios yucatecos no despedir empleados ante contingencia por el coronavirus Covid-19"},"content":{"rendered":"\n<div class=\"twitterbutton\" style=\"float: right; padding-left: 5px;\"><a href=\"http:\/\/twitter.com\/share\" class=\"twitter-share-button\" data-count=\"horizontal\" data-text=\"El Gobernador Mauricio Vila Dosal pide a los empresarios yucatecos no despedir e...\" data-via=\"https:\/\/twitter.com\/VertienteGloba1\" data-url=\"http:\/\/vertienteglobal.com\/?p=151377\" data-lang=\"es\" data-related=\"Informaci\u00f3n general:S\u00edguenos para que est\u00e9ss informado\"><\/a><\/div>\n<figure class=\"wp-block-image size-large\"><img loading=\"lazy\" decoding=\"async\" width=\"800\" height=\"532\" src=\"http:\/\/vertienteglobal.com\/wp-content\/uploads\/2020\/03\/2610_1_262.jpg\" alt=\"\" class=\"wp-image-151378\" srcset=\"http:\/\/vertienteglobal.com\/wp-content\/uploads\/2020\/03\/2610_1_262.jpg 800w, http:\/\/vertienteglobal.com\/wp-content\/uploads\/2020\/03\/2610_1_262-300x200.jpg 300w, http:\/\/vertienteglobal.com\/wp-content\/uploads\/2020\/03\/2610_1_262-150x100.jpg 150w, http:\/\/vertienteglobal.com\/wp-content\/uploads\/2020\/03\/2610_1_262-768x511.jpg 768w\" sizes=\"auto, (max-width: 800px) 100vw, 800px\" \/><\/figure>\n\n\n\n<p>(Redacci\u00f3n)<\/p>\n\n\n\n<p>El Gobernador Vila Dosal escuch\u00f3 durante 3 horas a los miembros del Consejo Coordinador Empresarial a quienes les inform\u00f3 sobre las medidas sanitarias aplicadas en el estado<\/p>\n\n\n\n<p>Durante el encuentro, los representantes del sector empresarial le pidieron al Gobernador realizar las gestiones necesarias para activar los fondos econ\u00f3micos aprobados por la C\u00e1mara de Diputados para afrontar la contingencia<\/p>\n\n\n\n<p>Asimismo, los integrantes del CCE solicitaron a Vila Dosal que el Gobierno del Estado adquiera cr\u00e9ditos a corto y largo plazo para otorgar financiamientos al sector empresarial, a fin de acelerar la econom\u00eda y evitar el desempleo una vez que haya pasado la emergencia sanitaria<\/p>\n\n\n\n<p>M\u00e9rida, Yucat\u00e1n, 19 de marzo de 2020.- Durante una reuni\u00f3n con el Consejo Coordinador Empresarial (CCE) de Yucat\u00e1n, el Gobernador Mauricio Vila Dosal pidi\u00f3 al empresariado yucateco no despedir a trabajadores ante la contingencia que se vive por el coronavirus Covid-19.<\/p>\n\n\n\n<p>En un encuentro de m\u00e1s de 3 horas, Vila Dosal inform\u00f3 a los representantes de la iniciativa privada sobre las principales acciones y medidas implementadas por el Gobierno del Estado para proteger la salud de los yucatecos, al tiempo que escuch\u00f3 sus inquietudes sobre el impacto econ\u00f3mico de esta emergencia sanitaria y atendi\u00f3 sus dudas sobre el tema.<\/p>\n\n\n\n<p>En ese marco, los representantes del sector empresarial solicitaron que el Gobernador realice las gestiones necesarias para activar los fondos econ\u00f3micos por m\u00e1s de 180,000 millones de pesos para afrontar esta contingencia, que fueron aprobados ayer mi\u00e9rcoles por la C\u00e1mara de Diputados.<\/p>\n\n\n\n<p>Asimismo, los integrantes del CCE de Yucat\u00e1n pidieron a Vila Dosal que el Gobierno del Estado adquiera cr\u00e9ditos a corto y largo plazo para otorgar financiamiento al sector empresarial que permitan acelerar la econom\u00eda y evitar la p\u00e9rdida de empleos, una vez que haya pasado la contingencia por el coronavirus Covid-19.<\/p>\n\n\n\n<p>En este sentido, el presidente del CCE, Michel Salum Francis, calific\u00f3 la reuni\u00f3n como productiva para externar las mayores preocupaciones de las c\u00e1maras empresariales al Gobierno del Estado ante la contingencia del Covid-19, por lo que agradeci\u00f3 a Vila Dosal por su disposici\u00f3n y acercamiento al sector privado.<\/p>\n\n\n\n<p>\u00abUna vez m\u00e1s estamos siendo un estado ejemplar en la manera en que se est\u00e1n acatando las medidas de prevenci\u00f3n. La planta laboral es el activo m\u00e1s importante de una empresa y definitivamente nadie quiere despedir a las personas, entonces vamos a ver qu\u00e9 mecanismos buscamos con base a las ideas que hoy presentamos para que, con el apoyo del Gobierno Estatal, ver la manera de minimizar este problema y que no le impacte al trabajador\u00bb, expres\u00f3 el tambi\u00e9n dirigente de la C\u00e1mara Nacional de Comercio, Servicios y Turismo (Canco-Servytur) de M\u00e9rida.<\/p>\n\n\n\n<p>Por su parte, el presidente de C\u00e1mara Nacional de la Industria de la Transformaci\u00f3n (Canacintra) en Yucat\u00e1n, Alberto Abraham Xacur, reconoci\u00f3 el inter\u00e9s y esfuerzo del Gobierno del Estado ante esta emergencia global y que da un ejemplo a nivel nacional e internacional, de c\u00f3mo se deben hacer las cosas.<\/p>\n\n\n\n<p>\u00abDefinitivamente debemos de reunir esfuerzos, no puede el Gobierno solo, ni la ciudadan\u00eda ni el empresario. Es dif\u00edcil para el sector, pero estas medidas son absolutamente necesarias, es algo que se ha hecho de una manera correcta, adecuada y celebramos que sea as\u00ed porque de esta manera podremos pasar esta contingencia de forma m\u00e1s r\u00e1pida que es lo que buscamos todos\u00bb, asegur\u00f3 Abraham Xacur.<\/p>\n\n\n\n<p>En tema de las medidas que el Gobierno Estatal ha implementado, la presidenta de Asociaci\u00f3n Mexicana de Mujeres Empresarias de Yucat\u00e1n (Ammeyuc), Mar\u00eda Eugenia Mar\u00edn V\u00e1zquez, indic\u00f3 que estas disposiciones en salud son oportunas y puntuales, pues son de tipo preventivo y contribuyen a proteger la salud de la poblaci\u00f3n.<\/p>\n\n\n\n<p>Tambi\u00e9n de la Asociaci\u00f3n de Agentes Aduanales de Yucat\u00e1n (Aaayac), Carlos Cervera Domani; de la Consultor\u00eda Mexicana de Comercio Exterior (COMCE),<\/p>\n\n\n\n<p>Jos\u00e9 Abraham D\u00e1guer; del Consejo Empresarial Tur\u00edstico (CETUR), Eduardo Carrillo S\u00e1enz; y del Instituto Mexicano de Ejecutivos de Finanzas (IMEF), Antonio Silveira Bolio.<\/p>\n\n\n\n<p>De igual forma, acudieron los titulares de las Secretar\u00edas de Administraci\u00f3n y Finanzas, Olga Rosas Moya y de Fomento Econ\u00f3mico y Trabajo, Ernesto Herrera Novelo, as\u00ed como el alcalde de M\u00e9rida, Ren\u00e1n Barrera Concha.<\/p>\n\n\n\n<figure class=\"wp-block-image size-large\"><img loading=\"lazy\" decoding=\"async\" width=\"800\" height=\"532\" src=\"http:\/\/vertienteglobal.com\/wp-content\/uploads\/2020\/03\/2610_2_478.jpg\" alt=\"\" class=\"wp-image-151379\" srcset=\"http:\/\/vertienteglobal.com\/wp-content\/uploads\/2020\/03\/2610_2_478.jpg 800w, http:\/\/vertienteglobal.com\/wp-content\/uploads\/2020\/03\/2610_2_478-300x200.jpg 300w, http:\/\/vertienteglobal.com\/wp-content\/uploads\/2020\/03\/2610_2_478-150x100.jpg 150w, http:\/\/vertienteglobal.com\/wp-content\/uploads\/2020\/03\/2610_2_478-768x511.jpg 768w\" sizes=\"auto, (max-width: 800px) 100vw, 800px\" \/><\/figure>\n\n\n\n<figure class=\"wp-block-image size-large\"><img loading=\"lazy\" decoding=\"async\" width=\"800\" height=\"532\" src=\"http:\/\/vertienteglobal.com\/wp-content\/uploads\/2020\/03\/2610_3_568.jpg\" alt=\"\" class=\"wp-image-151380\" srcset=\"http:\/\/vertienteglobal.com\/wp-content\/uploads\/2020\/03\/2610_3_568.jpg 800w, http:\/\/vertienteglobal.com\/wp-content\/uploads\/2020\/03\/2610_3_568-300x200.jpg 300w, http:\/\/vertienteglobal.com\/wp-content\/uploads\/2020\/03\/2610_3_568-150x100.jpg 150w, http:\/\/vertienteglobal.com\/wp-content\/uploads\/2020\/03\/2610_3_568-768x511.jpg 768w\" sizes=\"auto, (max-width: 800px) 100vw, 800px\" \/><\/figure>\n","protected":false},"excerpt":{"rendered":"<p>(Redacci\u00f3n) El Gobernador Vila Dosal escuch\u00f3 durante 3 horas a los miembros del Consejo Coordinador Empresarial a quienes les inform\u00f3 sobre las medidas sanitarias aplicadas en el estado Durante el encuentro, los representantes del sector empresarial le pidieron al Gobernador realizar las gestiones necesarias para activar los fondos econ\u00f3micos aprobados por la C\u00e1mara de Diputados [&hellip;]<\/p>\n","protected":false},"author":1,"featured_media":151378,"comment_status":"open","ping_status":"open","sticky":false,"template":"","format":"standard","meta":{"footnotes":""},"categories":[2],"tags":[],"class_list":["post-151377","post","type-post","status-publish","format-standard","has-post-thumbnail","hentry","category-yucatan","entry","has-media"],"jetpack_featured_media_url":"http:\/\/vertienteglobal.com\/wp-content\/uploads\/2020\/03\/2610_1_262.jpg","_links":{"self":[{"href":"http:\/\/vertienteglobal.com\/index.php?rest_route=\/wp\/v2\/posts\/151377","targetHints":{"allow":["GET"]}}],"collection":[{"href":"http:\/\/vertienteglobal.com\/index.php?rest_route=\/wp\/v2\/posts"}],"about":[{"href":"http:\/\/vertienteglobal.com\/index.php?rest_route=\/wp\/v2\/types\/post"}],"author":[{"embeddable":true,"href":"http:\/\/vertienteglobal.com\/index.php?rest_route=\/wp\/v2\/users\/1"}],"replies":[{"embeddable":true,"href":"http:\/\/vertienteglobal.com\/index.php?rest_route=%2Fwp%2Fv2%2Fcomments&post=151377"}],"version-history":[{"count":0,"href":"http:\/\/vertienteglobal.com\/index.php?rest_route=\/wp\/v2\/posts\/151377\/revisions"}],"wp:featuredmedia":[{"embeddable":true,"href":"http:\/\/vertienteglobal.com\/index.php?rest_route=\/wp\/v2\/media\/151378"}],"wp:attachment":[{"href":"http:\/\/vertienteglobal.com\/index.php?rest_route=%2Fwp%2Fv2%2Fmedia&parent=151377"}],"wp:term":[{"taxonomy":"category","embeddable":true,"href":"http:\/\/vertienteglobal.com\/index.php?rest_route=%2Fwp%2Fv2%2Fcategories&post=151377"},{"taxonomy":"post_tag","embeddable":true,"href":"http:\/\/vertienteglobal.com\/index.php?rest_route=%2Fwp%2Fv2%2Ftags&post=151377"}],"curies":[{"name":"wp","href":"https:\/\/api.w.org\/{rel}","templated":true}]}}