{"id":151348,"date":"2020-03-19T12:52:00","date_gmt":"2020-03-19T18:52:00","guid":{"rendered":"http:\/\/vertienteglobal.com\/?p=151348"},"modified":"2020-03-19T18:36:27","modified_gmt":"2020-03-20T00:36:27","slug":"plazas-comerciales-de-cancun-empiezan-a-registrar-caida-de-ventas-por-el-coronavirus","status":"publish","type":"post","link":"http:\/\/vertienteglobal.com\/?p=151348","title":{"rendered":"Plazas comerciales de Canc\u00fan empiezan a registrar ca\u00edda de ventas por el coronavirus"},"content":{"rendered":"\n<div class=\"twitterbutton\" style=\"float: right; padding-left: 5px;\"><a href=\"http:\/\/twitter.com\/share\" class=\"twitter-share-button\" data-count=\"horizontal\" data-text=\"Plazas comerciales de Canc\u00fan empiezan a registrar ca\u00edda de ventas por el coron...\" data-via=\"https:\/\/twitter.com\/VertienteGloba1\" data-url=\"http:\/\/vertienteglobal.com\/?p=151348\" data-lang=\"es\" data-related=\"Informaci\u00f3n general:S\u00edguenos para que est\u00e9ss informado\"><\/a><\/div>\n<figure class=\"wp-block-image size-large\"><img loading=\"lazy\" decoding=\"async\" width=\"900\" height=\"528\" src=\"http:\/\/vertienteglobal.com\/wp-content\/uploads\/2020\/03\/IMG_20200319_173303.jpg\" alt=\"\" class=\"wp-image-151349\" srcset=\"http:\/\/vertienteglobal.com\/wp-content\/uploads\/2020\/03\/IMG_20200319_173303.jpg 900w, http:\/\/vertienteglobal.com\/wp-content\/uploads\/2020\/03\/IMG_20200319_173303-300x176.jpg 300w, http:\/\/vertienteglobal.com\/wp-content\/uploads\/2020\/03\/IMG_20200319_173303-150x88.jpg 150w, http:\/\/vertienteglobal.com\/wp-content\/uploads\/2020\/03\/IMG_20200319_173303-768x451.jpg 768w\" sizes=\"auto, (max-width: 900px) 100vw, 900px\" \/><\/figure>\n\n\n\n<p>(Redacci\u00f3n)<\/p>\n\n\n\n<p>Inform\u00f3 que algunas est\u00e1n operando pr\u00e1cticamente al 30 por ciento, otras m\u00e1s al 50 por ciento y solamente las que tienen supermercado se mantienen en un 70 por ciento<\/p>\n\n\n\n<p>Cancun, Quintana Roo a 19 de marzo de 2020.- El presidente de la Asociaci\u00f3n de Plazas Comerciales, Eduardo Galaviz Ibarra, sostuvo que a pesar de que la gente sigue saliendo a trabajar o realizar otras actividades, el movimiento en plazas comerciales y por lo tanto en la venta de negocios ya ha disminuido.<\/p>\n\n\n\n<p>Y es que inform\u00f3 que algunas est\u00e1n operando pr\u00e1cticamente al 30 por ciento, otras m\u00e1s al 50 por ciento y solamente las que tienen supermercado se mantienen en un 70 por ciento.<\/p>\n\n\n\n<p>Dijo: \u201cS\u00ed hay una disminuci\u00f3n que todav\u00eda es muy prematuro medir, pero vamos a darle seguimiento para ver qu\u00e9 tanto nos va afectar en o gruesos, pagos de proveedores, etc, es algo que tenemos que ver\u201d.<\/p>\n\n\n\n<p>Detall\u00f3 que independiente de los cierres de negocios que puedan anunciar en breve, aquellas plazas que tienen alg\u00fan supermercado tendr\u00e1n que permanecer abiertas, para que puedan tener el acceso al abastecimiento.<\/p>\n\n\n\n<p>Asimismo y en cuanto a las acciones de prevenci\u00f3n, inform\u00f3 que est\u00e1n siguiendo todos los protocolos de satinizaci\u00f3n, de acuerdo con las nuevas caracter\u00edsticas de los elementos qu\u00edmicos necesarios para que dure la protecci\u00f3n y que tenga mayor seguridad el consumidor, aunado a los protocolos de distancias.<\/p>\n\n\n\n<p>Agreg\u00f3: \u201cEsperando la aceptaci\u00f3n de algunos locatarios para que hagan alg\u00fan movimiento dentro de sus locales para que exista mayor concentraci\u00f3n, pagar a metro y medio, cosas as\u00ed, entonces todos tenemos que colaborar\u00bb.<\/p>\n","protected":false},"excerpt":{"rendered":"<p>(Redacci\u00f3n) Inform\u00f3 que algunas est\u00e1n operando pr\u00e1cticamente al 30 por ciento, otras m\u00e1s al 50 por ciento y solamente las que tienen supermercado se mantienen en un 70 por ciento Cancun, Quintana Roo a 19 de marzo de 2020.- El presidente de la Asociaci\u00f3n de Plazas Comerciales, Eduardo Galaviz Ibarra, sostuvo que a pesar de [&hellip;]<\/p>\n","protected":false},"author":1,"featured_media":151349,"comment_status":"open","ping_status":"open","sticky":false,"template":"","format":"standard","meta":{"footnotes":""},"categories":[3],"tags":[],"class_list":["post-151348","post","type-post","status-publish","format-standard","has-post-thumbnail","hentry","category-quintana-roo","entry","has-media"],"jetpack_featured_media_url":"http:\/\/vertienteglobal.com\/wp-content\/uploads\/2020\/03\/IMG_20200319_173303.jpg","_links":{"self":[{"href":"http:\/\/vertienteglobal.com\/index.php?rest_route=\/wp\/v2\/posts\/151348","targetHints":{"allow":["GET"]}}],"collection":[{"href":"http:\/\/vertienteglobal.com\/index.php?rest_route=\/wp\/v2\/posts"}],"about":[{"href":"http:\/\/vertienteglobal.com\/index.php?rest_route=\/wp\/v2\/types\/post"}],"author":[{"embeddable":true,"href":"http:\/\/vertienteglobal.com\/index.php?rest_route=\/wp\/v2\/users\/1"}],"replies":[{"embeddable":true,"href":"http:\/\/vertienteglobal.com\/index.php?rest_route=%2Fwp%2Fv2%2Fcomments&post=151348"}],"version-history":[{"count":0,"href":"http:\/\/vertienteglobal.com\/index.php?rest_route=\/wp\/v2\/posts\/151348\/revisions"}],"wp:featuredmedia":[{"embeddable":true,"href":"http:\/\/vertienteglobal.com\/index.php?rest_route=\/wp\/v2\/media\/151349"}],"wp:attachment":[{"href":"http:\/\/vertienteglobal.com\/index.php?rest_route=%2Fwp%2Fv2%2Fmedia&parent=151348"}],"wp:term":[{"taxonomy":"category","embeddable":true,"href":"http:\/\/vertienteglobal.com\/index.php?rest_route=%2Fwp%2Fv2%2Fcategories&post=151348"},{"taxonomy":"post_tag","embeddable":true,"href":"http:\/\/vertienteglobal.com\/index.php?rest_route=%2Fwp%2Fv2%2Ftags&post=151348"}],"curies":[{"name":"wp","href":"https:\/\/api.w.org\/{rel}","templated":true}]}}