{"id":151226,"date":"2020-03-18T13:48:00","date_gmt":"2020-03-18T19:48:00","guid":{"rendered":"http:\/\/vertienteglobal.com\/?p=151226"},"modified":"2020-03-18T15:24:54","modified_gmt":"2020-03-18T21:24:54","slug":"no-se-revocaran-contratos-pero-no-habra-mas-privatizacion-en-pemex-amlo","status":"publish","type":"post","link":"http:\/\/vertienteglobal.com\/?p=151226","title":{"rendered":"No se revocar\u00e1n contratos, pero no habr\u00e1 m\u00e1s privatizaci\u00f3n en Pemex: AMLO"},"content":{"rendered":"\n<div class=\"twitterbutton\" style=\"float: right; padding-left: 5px;\"><a href=\"http:\/\/twitter.com\/share\" class=\"twitter-share-button\" data-count=\"horizontal\" data-text=\"No se revocar\u00e1n contratos, pero no habr\u00e1 m\u00e1s privatizaci\u00f3n en Pemex: AMLO\" data-via=\"https:\/\/twitter.com\/VertienteGloba1\" data-url=\"http:\/\/vertienteglobal.com\/?p=151226\" data-lang=\"es\" data-related=\"Informaci\u00f3n general:S\u00edguenos para que est\u00e9ss informado\"><\/a><\/div>\n<figure class=\"wp-block-image size-large\"><img loading=\"lazy\" decoding=\"async\" width=\"1024\" height=\"719\" src=\"http:\/\/vertienteglobal.com\/wp-content\/uploads\/2020\/03\/IMG_20200318_162200-1024x719.jpg\" alt=\"\" class=\"wp-image-151227\" srcset=\"http:\/\/vertienteglobal.com\/wp-content\/uploads\/2020\/03\/IMG_20200318_162200-1024x719.jpg 1024w, http:\/\/vertienteglobal.com\/wp-content\/uploads\/2020\/03\/IMG_20200318_162200-300x211.jpg 300w, http:\/\/vertienteglobal.com\/wp-content\/uploads\/2020\/03\/IMG_20200318_162200-150x105.jpg 150w, http:\/\/vertienteglobal.com\/wp-content\/uploads\/2020\/03\/IMG_20200318_162200-768x539.jpg 768w, http:\/\/vertienteglobal.com\/wp-content\/uploads\/2020\/03\/IMG_20200318_162200.jpg 1280w\" sizes=\"auto, (max-width: 1024px) 100vw, 1024px\" \/><\/figure>\n\n\n\n<p>(Redacci\u00f3n)<\/p>\n\n\n\n<p>El mandatario federal destac\u00f3 la importancia de respetar los acuerdos como una forma de dar confianza a inversionistas<\/p>\n\n\n\n<p>Ciudad de M\u00e9xico a 18 de marzo de 2020.- El presidente Andr\u00e9s Manuel L\u00f3pez Obrador asegur\u00f3 que respetar\u00e1 los contratos que se concretaron como resultado de la reforma energ\u00e9tica, sin embargo dijo no habr\u00e1 m\u00e1s privatizaci\u00f3n en el sector, ya que el dominio de la naci\u00f3n es preponderante.<\/p>\n\n\n\n<p>Y es que durante el 82 Aniversario de la Expropiaci\u00f3n Petrolera, el mandatario federal destac\u00f3 la importancia de respetar los acuerdos como una forma de dar confianza a inversionistas.<\/p>\n\n\n\n<p>\u00abNo vamos a modificar el marco legal para revocar los contratos que se entregaron con la reforma energ\u00e9tica porque a\u00fan el dominio de la naci\u00f3n es preponderante, no les dio tiempo de entregar toda la reforma petrolera (\u2026) pero que se escuche bien y que se escuche claro, ya se termin\u00f3 con el periodo privatizador\u201d. (Fuente: Milenio)<\/p>\n","protected":false},"excerpt":{"rendered":"<p>(Redacci\u00f3n) El mandatario federal destac\u00f3 la importancia de respetar los acuerdos como una forma de dar confianza a inversionistas Ciudad de M\u00e9xico a 18 de marzo de 2020.- El presidente Andr\u00e9s Manuel L\u00f3pez Obrador asegur\u00f3 que respetar\u00e1 los contratos que se concretaron como resultado de la reforma energ\u00e9tica, sin embargo dijo no habr\u00e1 m\u00e1s privatizaci\u00f3n [&hellip;]<\/p>\n","protected":false},"author":1,"featured_media":151227,"comment_status":"open","ping_status":"open","sticky":false,"template":"","format":"standard","meta":{"footnotes":""},"categories":[8],"tags":[],"class_list":["post-151226","post","type-post","status-publish","format-standard","has-post-thumbnail","hentry","category-pais","entry","has-media"],"jetpack_featured_media_url":"http:\/\/vertienteglobal.com\/wp-content\/uploads\/2020\/03\/IMG_20200318_162200.jpg","_links":{"self":[{"href":"http:\/\/vertienteglobal.com\/index.php?rest_route=\/wp\/v2\/posts\/151226","targetHints":{"allow":["GET"]}}],"collection":[{"href":"http:\/\/vertienteglobal.com\/index.php?rest_route=\/wp\/v2\/posts"}],"about":[{"href":"http:\/\/vertienteglobal.com\/index.php?rest_route=\/wp\/v2\/types\/post"}],"author":[{"embeddable":true,"href":"http:\/\/vertienteglobal.com\/index.php?rest_route=\/wp\/v2\/users\/1"}],"replies":[{"embeddable":true,"href":"http:\/\/vertienteglobal.com\/index.php?rest_route=%2Fwp%2Fv2%2Fcomments&post=151226"}],"version-history":[{"count":0,"href":"http:\/\/vertienteglobal.com\/index.php?rest_route=\/wp\/v2\/posts\/151226\/revisions"}],"wp:featuredmedia":[{"embeddable":true,"href":"http:\/\/vertienteglobal.com\/index.php?rest_route=\/wp\/v2\/media\/151227"}],"wp:attachment":[{"href":"http:\/\/vertienteglobal.com\/index.php?rest_route=%2Fwp%2Fv2%2Fmedia&parent=151226"}],"wp:term":[{"taxonomy":"category","embeddable":true,"href":"http:\/\/vertienteglobal.com\/index.php?rest_route=%2Fwp%2Fv2%2Fcategories&post=151226"},{"taxonomy":"post_tag","embeddable":true,"href":"http:\/\/vertienteglobal.com\/index.php?rest_route=%2Fwp%2Fv2%2Ftags&post=151226"}],"curies":[{"name":"wp","href":"https:\/\/api.w.org\/{rel}","templated":true}]}}