{"id":150999,"date":"2020-03-15T19:50:29","date_gmt":"2020-03-16T01:50:29","guid":{"rendered":"http:\/\/vertienteglobal.com\/?p=150999"},"modified":"2020-03-16T09:59:43","modified_gmt":"2020-03-16T15:59:43","slug":"veracruz-entre-los-estados-con-casos-sospechosos-de-coronavirus","status":"publish","type":"post","link":"http:\/\/vertienteglobal.com\/?p=150999","title":{"rendered":"Veracruz, entre los estados con casos sospechosos de coronavirus"},"content":{"rendered":"\n<div class=\"twitterbutton\" style=\"float: right; padding-left: 5px;\"><a href=\"http:\/\/twitter.com\/share\" class=\"twitter-share-button\" data-count=\"horizontal\" data-text=\"Veracruz, entre los estados con casos sospechosos de coronavirus\" data-via=\"https:\/\/twitter.com\/VertienteGloba1\" data-url=\"http:\/\/vertienteglobal.com\/?p=150999\" data-lang=\"es\" data-related=\"Informaci\u00f3n general:S\u00edguenos para que est\u00e9ss informado\"><\/a><\/div>\n<figure class=\"wp-block-image size-large\"><img loading=\"lazy\" decoding=\"async\" width=\"1024\" height=\"535\" src=\"http:\/\/vertienteglobal.com\/wp-content\/uploads\/2020\/03\/1090246.jpg\" alt=\"\" class=\"wp-image-151000\" srcset=\"http:\/\/vertienteglobal.com\/wp-content\/uploads\/2020\/03\/1090246.jpg 1024w, http:\/\/vertienteglobal.com\/wp-content\/uploads\/2020\/03\/1090246-300x157.jpg 300w, http:\/\/vertienteglobal.com\/wp-content\/uploads\/2020\/03\/1090246-150x78.jpg 150w, http:\/\/vertienteglobal.com\/wp-content\/uploads\/2020\/03\/1090246-768x401.jpg 768w\" sizes=\"auto, (max-width: 1024px) 100vw, 1024px\" \/><\/figure>\n\n\n\n<p>(Redacci\u00f3n)<\/p>\n\n\n\n<p>Este domingo actualizaron la cifra de los casos confirmados de coronavirus en el pa\u00eds, los cuales ya suman 53<\/p>\n\n\n\n<p>Xalapa, Veracruz a 15 de marzo de 2020.- Veracruz se encuentra nuevamente entre los estados con casos sospechosos de coronavirus, seg\u00fan report\u00f3 la Secretar\u00eda de Salud a nivel federal.<\/p>\n\n\n\n<p>Y es que durante conferencia de prensa, encabezada por el subsecretario de Salud Hugo L\u00f3pez-Gattel, se mostr\u00f3 la gr\u00e1fica donde el estado de Veracruz se encuentra en color amarillo (casos sopechosos).<\/p>\n\n\n\n<p>Cabe mencionar que no se dieron los detalles sobre el n\u00famero de casos sospechosos, ni los lugares espec\u00edficos en el estado de Veracruz.<\/p>\n\n\n\n<p>Asimismo, este domingo actualizaron la cifra de los casos confirmados de coronavirus en el pa\u00eds, los cuales ya suman 53.<\/p>\n","protected":false},"excerpt":{"rendered":"<p>(Redacci\u00f3n) Este domingo actualizaron la cifra de los casos confirmados de coronavirus en el pa\u00eds, los cuales ya suman 53 Xalapa, Veracruz a 15 de marzo de 2020.- Veracruz se encuentra nuevamente entre los estados con casos sospechosos de coronavirus, seg\u00fan report\u00f3 la Secretar\u00eda de Salud a nivel federal. Y es que durante conferencia de [&hellip;]<\/p>\n","protected":false},"author":1,"featured_media":151000,"comment_status":"open","ping_status":"open","sticky":false,"template":"","format":"standard","meta":{"footnotes":""},"categories":[7],"tags":[],"class_list":["post-150999","post","type-post","status-publish","format-standard","has-post-thumbnail","hentry","category-veracruz","entry","has-media"],"jetpack_featured_media_url":"http:\/\/vertienteglobal.com\/wp-content\/uploads\/2020\/03\/1090246.jpg","_links":{"self":[{"href":"http:\/\/vertienteglobal.com\/index.php?rest_route=\/wp\/v2\/posts\/150999","targetHints":{"allow":["GET"]}}],"collection":[{"href":"http:\/\/vertienteglobal.com\/index.php?rest_route=\/wp\/v2\/posts"}],"about":[{"href":"http:\/\/vertienteglobal.com\/index.php?rest_route=\/wp\/v2\/types\/post"}],"author":[{"embeddable":true,"href":"http:\/\/vertienteglobal.com\/index.php?rest_route=\/wp\/v2\/users\/1"}],"replies":[{"embeddable":true,"href":"http:\/\/vertienteglobal.com\/index.php?rest_route=%2Fwp%2Fv2%2Fcomments&post=150999"}],"version-history":[{"count":0,"href":"http:\/\/vertienteglobal.com\/index.php?rest_route=\/wp\/v2\/posts\/150999\/revisions"}],"wp:featuredmedia":[{"embeddable":true,"href":"http:\/\/vertienteglobal.com\/index.php?rest_route=\/wp\/v2\/media\/151000"}],"wp:attachment":[{"href":"http:\/\/vertienteglobal.com\/index.php?rest_route=%2Fwp%2Fv2%2Fmedia&parent=150999"}],"wp:term":[{"taxonomy":"category","embeddable":true,"href":"http:\/\/vertienteglobal.com\/index.php?rest_route=%2Fwp%2Fv2%2Fcategories&post=150999"},{"taxonomy":"post_tag","embeddable":true,"href":"http:\/\/vertienteglobal.com\/index.php?rest_route=%2Fwp%2Fv2%2Ftags&post=150999"}],"curies":[{"name":"wp","href":"https:\/\/api.w.org\/{rel}","templated":true}]}}