{"id":150964,"date":"2020-03-15T10:36:00","date_gmt":"2020-03-15T16:36:00","guid":{"rendered":"http:\/\/vertienteglobal.com\/?p=150964"},"modified":"2020-03-15T14:27:08","modified_gmt":"2020-03-15T20:27:08","slug":"tengo-sintomas-de-coronavirus-me-debo-hacer-la-prueba","status":"publish","type":"post","link":"http:\/\/vertienteglobal.com\/?p=150964","title":{"rendered":"\u00bfTengo s\u00edntomas de coronavirus?, \u00bfme debo hacer la prueba?"},"content":{"rendered":"\n<div class=\"twitterbutton\" style=\"float: right; padding-left: 5px;\"><a href=\"http:\/\/twitter.com\/share\" class=\"twitter-share-button\" data-count=\"horizontal\" data-text=\"\u00bfTengo s\u00edntomas de coronavirus?, \u00bfme debo hacer la prueba?\" data-via=\"https:\/\/twitter.com\/VertienteGloba1\" data-url=\"http:\/\/vertienteglobal.com\/?p=150964\" data-lang=\"es\" data-related=\"Informaci\u00f3n general:S\u00edguenos para que est\u00e9ss informado\"><\/a><\/div>\n<figure class=\"wp-block-image size-large\"><img loading=\"lazy\" decoding=\"async\" width=\"1024\" height=\"683\" src=\"http:\/\/vertienteglobal.com\/wp-content\/uploads\/2020\/03\/1090183.jpg\" alt=\"\" class=\"wp-image-150965\" srcset=\"http:\/\/vertienteglobal.com\/wp-content\/uploads\/2020\/03\/1090183.jpg 1024w, http:\/\/vertienteglobal.com\/wp-content\/uploads\/2020\/03\/1090183-300x200.jpg 300w, http:\/\/vertienteglobal.com\/wp-content\/uploads\/2020\/03\/1090183-150x100.jpg 150w, http:\/\/vertienteglobal.com\/wp-content\/uploads\/2020\/03\/1090183-768x512.jpg 768w\" sizes=\"auto, (max-width: 1024px) 100vw, 1024px\" \/><\/figure>\n\n\n\n<p>(Redacci\u00f3n)<\/p>\n\n\n\n<p>Inform\u00f3 que si se presentan los s\u00edntomas del virus \u00e9ste debe curarse \u201cespont\u00e1neamente, porque tiene un sistema inmune que le protege, un sistema de defensas natural que va a hacer que desaparezca la infecci\u00f3n\u201d<\/p>\n\n\n\n<p>Ciudad de M\u00e9xico a 15 de marzo de 2020.- Quien est\u00e9 con s\u00edntomas de coronavirus, fiebre, tos, dolor de cabeza, estornudos, dolor de garganta, dolor de cuerpo, que se quede en casa; no es necesario acudir a realizarnos la prueba de detecci\u00f3n, inform\u00f3 el subsecretario de salud, Hugo L\u00f3pez Gattel.<\/p>\n\n\n\n<p>Y es que dn conferencia de prensa explic\u00f3 que si se presentan los s\u00edntomas no es necesario realizarse la prueba de detecci\u00f3n de coronavirus \u201cporque la prueba no es para saber c\u00f3mo tratarle a usted. El m\u00e9dico, la m\u00e9dica que le va le va a tratar a usted y que le va a cuidar y que le va a recomendar lo que tiene que hacer para protegerse\u201d.<\/p>\n\n\n\n<p>Detall\u00f3 que si se presentan los s\u00edntomas del virus \u00e9ste debe curarse \u201cespont\u00e1neamente, porque tiene un sistema inmune que le protege, un sistema de defensas natural que va a hacer que desaparezca la infecci\u00f3n\u201d.<\/p>\n\n\n\n<p>En el caso de que se presenten s\u00edntomas y pertenezca a las condiciones de riesgo \u201cparticularmente ser una persona adulta mayor, una mujer embarazada, enfermedades cr\u00f3nicas, etc\u00e9tera va a estar al pendiente de usted y le va a recomendar qu\u00e9 elementos tiene que vigilar, qu\u00e9 s\u00edntomas, qu\u00e9 molestias para saber que no se est\u00e1 complicando y que si se est\u00e1 complicando acuda a atenci\u00f3n m\u00e9dica; y todo esto sin necesidad de tener la confirmaci\u00f3n por el laboratorio\u201d.<\/p>\n\n\n\n<p>Especific\u00f3 que la prueba de laboratorio se usa para que el Sistema Nacional de Salud, \u201cpara que nosotros los que trabajamos en la salud p\u00fablica vigilemos al pa\u00eds. Nuestro paciente es el pa\u00eds y usamos las pruebas para vigilar a nuestro paciente de 127 millones de personas\u201d.<\/p>\n","protected":false},"excerpt":{"rendered":"<p>(Redacci\u00f3n) Inform\u00f3 que si se presentan los s\u00edntomas del virus \u00e9ste debe curarse \u201cespont\u00e1neamente, porque tiene un sistema inmune que le protege, un sistema de defensas natural que va a hacer que desaparezca la infecci\u00f3n\u201d Ciudad de M\u00e9xico a 15 de marzo de 2020.- Quien est\u00e9 con s\u00edntomas de coronavirus, fiebre, tos, dolor de cabeza, [&hellip;]<\/p>\n","protected":false},"author":1,"featured_media":150965,"comment_status":"open","ping_status":"open","sticky":false,"template":"","format":"standard","meta":{"footnotes":""},"categories":[8],"tags":[],"class_list":["post-150964","post","type-post","status-publish","format-standard","has-post-thumbnail","hentry","category-pais","entry","has-media"],"jetpack_featured_media_url":"http:\/\/vertienteglobal.com\/wp-content\/uploads\/2020\/03\/1090183.jpg","_links":{"self":[{"href":"http:\/\/vertienteglobal.com\/index.php?rest_route=\/wp\/v2\/posts\/150964","targetHints":{"allow":["GET"]}}],"collection":[{"href":"http:\/\/vertienteglobal.com\/index.php?rest_route=\/wp\/v2\/posts"}],"about":[{"href":"http:\/\/vertienteglobal.com\/index.php?rest_route=\/wp\/v2\/types\/post"}],"author":[{"embeddable":true,"href":"http:\/\/vertienteglobal.com\/index.php?rest_route=\/wp\/v2\/users\/1"}],"replies":[{"embeddable":true,"href":"http:\/\/vertienteglobal.com\/index.php?rest_route=%2Fwp%2Fv2%2Fcomments&post=150964"}],"version-history":[{"count":0,"href":"http:\/\/vertienteglobal.com\/index.php?rest_route=\/wp\/v2\/posts\/150964\/revisions"}],"wp:featuredmedia":[{"embeddable":true,"href":"http:\/\/vertienteglobal.com\/index.php?rest_route=\/wp\/v2\/media\/150965"}],"wp:attachment":[{"href":"http:\/\/vertienteglobal.com\/index.php?rest_route=%2Fwp%2Fv2%2Fmedia&parent=150964"}],"wp:term":[{"taxonomy":"category","embeddable":true,"href":"http:\/\/vertienteglobal.com\/index.php?rest_route=%2Fwp%2Fv2%2Fcategories&post=150964"},{"taxonomy":"post_tag","embeddable":true,"href":"http:\/\/vertienteglobal.com\/index.php?rest_route=%2Fwp%2Fv2%2Ftags&post=150964"}],"curies":[{"name":"wp","href":"https:\/\/api.w.org\/{rel}","templated":true}]}}