{"id":150784,"date":"2020-03-12T13:44:00","date_gmt":"2020-03-12T19:44:00","guid":{"rendered":"http:\/\/vertienteglobal.com\/?p=150784"},"modified":"2020-03-12T16:02:30","modified_gmt":"2020-03-12T22:02:30","slug":"restringen-acceso-al-senado-de-la-republica-por-coronavirus","status":"publish","type":"post","link":"http:\/\/vertienteglobal.com\/?p=150784","title":{"rendered":"Restringen acceso al Senado de la Rep\u00fablica por coronavirus"},"content":{"rendered":"\n<div class=\"twitterbutton\" style=\"float: right; padding-left: 5px;\"><a href=\"http:\/\/twitter.com\/share\" class=\"twitter-share-button\" data-count=\"horizontal\" data-text=\"Restringen acceso al Senado de la Rep\u00fablica por coronavirus\" data-via=\"https:\/\/twitter.com\/VertienteGloba1\" data-url=\"http:\/\/vertienteglobal.com\/?p=150784\" data-lang=\"es\" data-related=\"Informaci\u00f3n general:S\u00edguenos para que est\u00e9ss informado\"><\/a><\/div>\n<figure class=\"wp-block-image size-large\"><img loading=\"lazy\" decoding=\"async\" width=\"1024\" height=\"683\" src=\"http:\/\/vertienteglobal.com\/wp-content\/uploads\/2020\/03\/1089700.jpg\" alt=\"\" class=\"wp-image-150785\" srcset=\"http:\/\/vertienteglobal.com\/wp-content\/uploads\/2020\/03\/1089700.jpg 1024w, http:\/\/vertienteglobal.com\/wp-content\/uploads\/2020\/03\/1089700-300x200.jpg 300w, http:\/\/vertienteglobal.com\/wp-content\/uploads\/2020\/03\/1089700-150x100.jpg 150w, http:\/\/vertienteglobal.com\/wp-content\/uploads\/2020\/03\/1089700-768x512.jpg 768w\" sizes=\"auto, (max-width: 1024px) 100vw, 1024px\" \/><\/figure>\n\n\n\n<p>(Redacci\u00f3n)<\/p>\n\n\n\n<p>Inform\u00f3 que \u00fanicamente tendr\u00e1n acceso a las instalaciones del Senado los integrantes de comisiones a fin de que no se entorpezca el trabajo legislativo, \u00abse mantendr\u00e1 lo indispensable para manejar las sesiones y las comisiones\u00bb<\/p>\n\n\n\n<p>Ciudad de M\u00e9xico a 12 de marzo de 2020.- En el Senado de la Rep\u00fablica fueron restringidos los accesos generales, incluidas las visitas guiadas y los foros que se efect\u00faan regularmente, ante el brote del nuevo  coronavirus Covid-19, inform\u00f3 Mauricio Kuri, coordinador del PAN, en este pleno.<\/p>\n\n\n\n<p>Y es que en entrevista para Milenio, inform\u00f3 que \u00fanicamente tendr\u00e1n acceso a las instalaciones del Senado los integrantes de comisiones a fin de que no se entorpezca el trabajo legislativo, \u00abse mantendr\u00e1 lo indispensable para manejar las sesiones y las comisiones\u00bb.<\/p>\n\n\n\n<p>El senador cuestion\u00f3 \u00abfalta de seriedad\u00bb por parte del gobierno federal ante la pandemia del coronavirus, al afirmar que \u00abel gobierno de morena no est\u00e1 tomando en serio lo que est\u00e1 sucediendo\u00bb.<br>\n(Fuente: Milenio)<\/p>\n","protected":false},"excerpt":{"rendered":"<p>(Redacci\u00f3n) Inform\u00f3 que \u00fanicamente tendr\u00e1n acceso a las instalaciones del Senado los integrantes de comisiones a fin de que no se entorpezca el trabajo legislativo, \u00abse mantendr\u00e1 lo indispensable para manejar las sesiones y las comisiones\u00bb Ciudad de M\u00e9xico a 12 de marzo de 2020.- En el Senado de la Rep\u00fablica fueron restringidos los accesos [&hellip;]<\/p>\n","protected":false},"author":1,"featured_media":150785,"comment_status":"open","ping_status":"open","sticky":false,"template":"","format":"standard","meta":{"footnotes":""},"categories":[8],"tags":[],"class_list":["post-150784","post","type-post","status-publish","format-standard","has-post-thumbnail","hentry","category-pais","entry","has-media"],"jetpack_featured_media_url":"http:\/\/vertienteglobal.com\/wp-content\/uploads\/2020\/03\/1089700.jpg","_links":{"self":[{"href":"http:\/\/vertienteglobal.com\/index.php?rest_route=\/wp\/v2\/posts\/150784","targetHints":{"allow":["GET"]}}],"collection":[{"href":"http:\/\/vertienteglobal.com\/index.php?rest_route=\/wp\/v2\/posts"}],"about":[{"href":"http:\/\/vertienteglobal.com\/index.php?rest_route=\/wp\/v2\/types\/post"}],"author":[{"embeddable":true,"href":"http:\/\/vertienteglobal.com\/index.php?rest_route=\/wp\/v2\/users\/1"}],"replies":[{"embeddable":true,"href":"http:\/\/vertienteglobal.com\/index.php?rest_route=%2Fwp%2Fv2%2Fcomments&post=150784"}],"version-history":[{"count":0,"href":"http:\/\/vertienteglobal.com\/index.php?rest_route=\/wp\/v2\/posts\/150784\/revisions"}],"wp:featuredmedia":[{"embeddable":true,"href":"http:\/\/vertienteglobal.com\/index.php?rest_route=\/wp\/v2\/media\/150785"}],"wp:attachment":[{"href":"http:\/\/vertienteglobal.com\/index.php?rest_route=%2Fwp%2Fv2%2Fmedia&parent=150784"}],"wp:term":[{"taxonomy":"category","embeddable":true,"href":"http:\/\/vertienteglobal.com\/index.php?rest_route=%2Fwp%2Fv2%2Fcategories&post=150784"},{"taxonomy":"post_tag","embeddable":true,"href":"http:\/\/vertienteglobal.com\/index.php?rest_route=%2Fwp%2Fv2%2Ftags&post=150784"}],"curies":[{"name":"wp","href":"https:\/\/api.w.org\/{rel}","templated":true}]}}