{"id":150768,"date":"2020-03-12T07:49:00","date_gmt":"2020-03-12T13:49:00","guid":{"rendered":"http:\/\/vertienteglobal.com\/?p=150768"},"modified":"2020-03-12T15:50:43","modified_gmt":"2020-03-12T21:50:43","slug":"diario-pide-a-fiscalia-esclarecer-atentado-contra-directora-en-poza-rica-veracruz","status":"publish","type":"post","link":"http:\/\/vertienteglobal.com\/?p=150768","title":{"rendered":"Diario pide a Fiscal\u00eda esclarecer atentado contra directora en Poza Rica, Veracruz"},"content":{"rendered":"\n<div class=\"twitterbutton\" style=\"float: right; padding-left: 5px;\"><a href=\"http:\/\/twitter.com\/share\" class=\"twitter-share-button\" data-count=\"horizontal\" data-text=\"Diario pide a Fiscal\u00eda esclarecer atentado contra directora en Poza Rica, Verac...\" data-via=\"https:\/\/twitter.com\/VertienteGloba1\" data-url=\"http:\/\/vertienteglobal.com\/?p=150768\" data-lang=\"es\" data-related=\"Informaci\u00f3n general:S\u00edguenos para que est\u00e9ss informado\"><\/a><\/div>\n<figure class=\"wp-block-image size-large\"><img loading=\"lazy\" decoding=\"async\" width=\"1024\" height=\"664\" src=\"http:\/\/vertienteglobal.com\/wp-content\/uploads\/2020\/03\/1089606.jpg\" alt=\"\" class=\"wp-image-150769\" srcset=\"http:\/\/vertienteglobal.com\/wp-content\/uploads\/2020\/03\/1089606.jpg 1024w, http:\/\/vertienteglobal.com\/wp-content\/uploads\/2020\/03\/1089606-300x195.jpg 300w, http:\/\/vertienteglobal.com\/wp-content\/uploads\/2020\/03\/1089606-150x97.jpg 150w, http:\/\/vertienteglobal.com\/wp-content\/uploads\/2020\/03\/1089606-768x498.jpg 768w\" sizes=\"auto, (max-width: 1024px) 100vw, 1024px\" \/><\/figure>\n\n\n\n<p>(Redacci\u00f3n)<\/p>\n\n\n\n<p>Inform\u00f3 de dos atentados m\u00e1s ocurridos tambi\u00e9n en contra de directivos de la empresa, como fue el registrado en contra del jefe de redacci\u00f3n, Armando Arrieta, quien fue atacado a balazos en marzo del 2017 y del director general del diario, Ra\u00fal Gibb Guerrero, quien fue asesinado en el 2005 sin que a la fecha en ambos casos exista alg\u00fan avance en investigaciones para su esclarecimiento<\/p>\n\n\n\n<p>Poza Rica, Veracruz, a 12 de marzo de 2020.- Editorial Gibb reprueba la agresi\u00f3n que fue objeto la directora editorial del peri\u00f3dico La Opini\u00f3n de Poza Rica, Mireya Ulloa Valencia, durante la madrugada de este lunes en un hecho considerado por su empresa como un atentado contra la libertad de expresi\u00f3n y exige a la Fiscal\u00eda General del estado su esclarecimiento.<\/p>\n\n\n\n<p>Y es que dio a conocer  que el hecho es un atentado contra el ejercicio libre del periodismo por lo que solicita al gobierno del estado y a las autoridades competentes que se presente a los responsables el atentado.<\/p>\n\n\n\n<p>Inform\u00f3 de dos atentados m\u00e1s ocurridos tambi\u00e9n en contra de directivos de la empresa, como fue el registrado en contra del jefe de redacci\u00f3n, Armando Arrieta, quien fue atacado a balazos en marzo del 2017 y del director general del diario, Ra\u00fal Gibb Guerrero, quien fue asesinado en el 2005 sin que a la fecha en ambos casos exista alg\u00fan avance en investigaciones para su esclarecimiento.<\/p>\n","protected":false},"excerpt":{"rendered":"<p>(Redacci\u00f3n) Inform\u00f3 de dos atentados m\u00e1s ocurridos tambi\u00e9n en contra de directivos de la empresa, como fue el registrado en contra del jefe de redacci\u00f3n, Armando Arrieta, quien fue atacado a balazos en marzo del 2017 y del director general del diario, Ra\u00fal Gibb Guerrero, quien fue asesinado en el 2005 sin que a la [&hellip;]<\/p>\n","protected":false},"author":1,"featured_media":150769,"comment_status":"open","ping_status":"open","sticky":false,"template":"","format":"standard","meta":{"footnotes":""},"categories":[7],"tags":[],"class_list":["post-150768","post","type-post","status-publish","format-standard","has-post-thumbnail","hentry","category-veracruz","entry","has-media"],"jetpack_featured_media_url":"http:\/\/vertienteglobal.com\/wp-content\/uploads\/2020\/03\/1089606.jpg","_links":{"self":[{"href":"http:\/\/vertienteglobal.com\/index.php?rest_route=\/wp\/v2\/posts\/150768","targetHints":{"allow":["GET"]}}],"collection":[{"href":"http:\/\/vertienteglobal.com\/index.php?rest_route=\/wp\/v2\/posts"}],"about":[{"href":"http:\/\/vertienteglobal.com\/index.php?rest_route=\/wp\/v2\/types\/post"}],"author":[{"embeddable":true,"href":"http:\/\/vertienteglobal.com\/index.php?rest_route=\/wp\/v2\/users\/1"}],"replies":[{"embeddable":true,"href":"http:\/\/vertienteglobal.com\/index.php?rest_route=%2Fwp%2Fv2%2Fcomments&post=150768"}],"version-history":[{"count":0,"href":"http:\/\/vertienteglobal.com\/index.php?rest_route=\/wp\/v2\/posts\/150768\/revisions"}],"wp:featuredmedia":[{"embeddable":true,"href":"http:\/\/vertienteglobal.com\/index.php?rest_route=\/wp\/v2\/media\/150769"}],"wp:attachment":[{"href":"http:\/\/vertienteglobal.com\/index.php?rest_route=%2Fwp%2Fv2%2Fmedia&parent=150768"}],"wp:term":[{"taxonomy":"category","embeddable":true,"href":"http:\/\/vertienteglobal.com\/index.php?rest_route=%2Fwp%2Fv2%2Fcategories&post=150768"},{"taxonomy":"post_tag","embeddable":true,"href":"http:\/\/vertienteglobal.com\/index.php?rest_route=%2Fwp%2Fv2%2Ftags&post=150768"}],"curies":[{"name":"wp","href":"https:\/\/api.w.org\/{rel}","templated":true}]}}