{"id":150745,"date":"2020-03-11T17:50:00","date_gmt":"2020-03-11T23:50:00","guid":{"rendered":"http:\/\/vertienteglobal.com\/?p=150745"},"modified":"2020-03-11T23:53:00","modified_gmt":"2020-03-12T05:53:00","slug":"vincularemos-a-la-ujat-con-la-realidad-social-guillermo-narvaez-osorio","status":"publish","type":"post","link":"http:\/\/vertienteglobal.com\/?p=150745","title":{"rendered":"Vincularemos a la UJAT con la realidad social: Guillermo Narv\u00e1ez Osorio"},"content":{"rendered":"\n<div class=\"twitterbutton\" style=\"float: right; padding-left: 5px;\"><a href=\"http:\/\/twitter.com\/share\" class=\"twitter-share-button\" data-count=\"horizontal\" data-text=\"Vincularemos a la UJAT con la realidad social: Guillermo Narv\u00e1ez Osorio\" data-via=\"https:\/\/twitter.com\/VertienteGloba1\" data-url=\"http:\/\/vertienteglobal.com\/?p=150745\" data-lang=\"es\" data-related=\"Informaci\u00f3n general:S\u00edguenos para que est\u00e9ss informado\"><\/a><\/div>\n<figure class=\"wp-block-image size-large\"><img loading=\"lazy\" decoding=\"async\" width=\"1024\" height=\"683\" src=\"http:\/\/vertienteglobal.com\/wp-content\/uploads\/2020\/03\/IMG_20200312_003634-1024x683.jpg\" alt=\"\" class=\"wp-image-150746\" srcset=\"http:\/\/vertienteglobal.com\/wp-content\/uploads\/2020\/03\/IMG_20200312_003634-1024x683.jpg 1024w, http:\/\/vertienteglobal.com\/wp-content\/uploads\/2020\/03\/IMG_20200312_003634-300x200.jpg 300w, http:\/\/vertienteglobal.com\/wp-content\/uploads\/2020\/03\/IMG_20200312_003634-150x100.jpg 150w, http:\/\/vertienteglobal.com\/wp-content\/uploads\/2020\/03\/IMG_20200312_003634-768x512.jpg 768w, http:\/\/vertienteglobal.com\/wp-content\/uploads\/2020\/03\/IMG_20200312_003634-1536x1025.jpg 1536w, http:\/\/vertienteglobal.com\/wp-content\/uploads\/2020\/03\/IMG_20200312_003634-2048x1367.jpg 2048w\" sizes=\"auto, (max-width: 1024px) 100vw, 1024px\" \/><\/figure>\n\n\n\n<p>(Redacci\u00f3n)<\/p>\n\n\n\n<p>Narv\u00e1ez Osorio ratific\u00f3 la disponibilidad de la Universidad, de poner a disposici\u00f3n de las autoridades, a los m\u00faltiples especialistas que se forman en las aulas: m\u00e9dicos, psic\u00f3logos, nutri\u00f3logos, abogados, ingenieros, entre otros, para atender cada viernes, las principales problem\u00e1ticas sociales en las comunidades que ellos designen<\/p>\n\n\n\n<p>Villahermosa, Tabasco a 11 de marzo de 2020.- Con el anuncio de un proyecto de vinculaci\u00f3n entre la Universidad Ju\u00e1rez Aut\u00f3noma de Tabasco (UJAT), y los gobiernos estatal y municipales de la entidad, el rector Guillermo Narv\u00e1ez Osorio, asegur\u00f3 que las brigadas multidisciplinarias integradas por j\u00f3venes universitarios, lograr\u00e1 dar un verdadero sentido social a la m\u00e1xima casa de estudios.<\/p>\n\n\n\n<p>En el marco de la Entrega de Reconocimientos a Instituciones de Educaci\u00f3n Superior Participantes en la Gu\u00eda Consultiva de Desarrollo Municipal (GDM), donde Narv\u00e1ez Osorio recibi\u00f3 de la secretaria de Educaci\u00f3n, Egla Cornelio Landero, representante del gobernador, Ad\u00e1n Augusto L\u00f3pez Hern\u00e1ndez, la distinci\u00f3n otorgada a la UJAT, el rector destac\u00f3 que esta Universidad cuenta con un abanico de posibilidades para apoyar a las autoridades municipales con lo m\u00e1s valioso, que son sus estudiantes.<\/p>\n\n\n\n<p>\u201cCon qui\u00e9nes empezaremos, con aqu\u00e9llos presidentes municipales que est\u00e9n dispuestos a comprometerse con los j\u00f3venes y con su comunidad; qu\u00e9 necesitamos, solo tres cosas, seguridad para los integrantes de nuestras brigadas, alimentaci\u00f3n de los j\u00f3venes en sus labores de atenci\u00f3n a la comunidad, y apoyo con insumos cuando se requieran servicios m\u00e9dicos especializados\u201d, plante\u00f3 el rector de la UJAT, ante Jes\u00fas Al\u00ed de la Torre, coordinador General de Enlace Federal y Vinculaci\u00f3n Institucional.<\/p>\n\n\n\n<p>Narv\u00e1ez Osorio ratific\u00f3 la disponibilidad de la Universidad, de poner a disposici\u00f3n de las autoridades, a los m\u00faltiples especialistas que se forman en las aulas: m\u00e9dicos, psic\u00f3logos, nutri\u00f3logos, abogados, ingenieros, entre otros, para atender cada viernes, las principales problem\u00e1ticas sociales en las comunidades que ellos designen, \u201csolo pedimos no colocar sesgo pol\u00edtico a estas acciones, porque si un presidente nos pone de enlace a un aspirante, en ese momento nos retiramos; la Universidad como cualquier otra, est\u00e1 lejos de tomar partido, Tabasco lo que necesita es que todos trabajemos en conjunto\u201d, sentenci\u00f3.<\/p>\n\n\n\n<p>En este marco, la secretaria de Educaci\u00f3n, Egla Cornelio Landero, destac\u00f3 que el trabajo colaborativo y la sinergia entre las instituciones de educaci\u00f3n superior con las autoridades municipales, dio resultados inmediatos y traer\u00e1 frutos posteriores, por lo que felicit\u00f3 a las autoridades que se han sumado a este documento que ser\u00e1 la br\u00fajula de sus trabajos a favor de la ciudadan\u00eda.<\/p>\n\n\n\n<p><br> El coordinador General de Enlace Federal y Vinculaci\u00f3n Institucional, Jesus Al\u00ed de la Torre, agradeci\u00f3 al rector de la UJAT y de las otras Universidades, la disposici\u00f3n de participar a trav\u00e9s de la capacitaci\u00f3n a servidores p\u00fablicos, con el fin de impulsar un trabajo honesto y comprometido con el desarrollo de planes y proyectos que beneficien a los tabasque\u00f1os.<\/p>\n\n\n\n<p><br> En este evento en la que estuvieron presentes las presidentas municipales de Teapa, Tey Mollinedo Cano, y de Tacotalpa, Tomiris Dom\u00ednguez P\u00e9rez, recibieron tambi\u00e9n reconocimientos las Universidades Popular de la Chontalpa, la Tecnol\u00f3gica de Tabasco sede del evento; as\u00ed como los Institutos Tecnol\u00f3gicos Superior de la Regi\u00f3n Sierra, Superior de Comalcalco y el Superior de los R\u00edos.<\/p>\n\n\n\n<figure class=\"wp-block-image size-large\"><img loading=\"lazy\" decoding=\"async\" width=\"1024\" height=\"683\" src=\"http:\/\/vertienteglobal.com\/wp-content\/uploads\/2020\/03\/IMG_20200312_003641-1024x683.jpg\" alt=\"\" class=\"wp-image-150747\" srcset=\"http:\/\/vertienteglobal.com\/wp-content\/uploads\/2020\/03\/IMG_20200312_003641-1024x683.jpg 1024w, http:\/\/vertienteglobal.com\/wp-content\/uploads\/2020\/03\/IMG_20200312_003641-300x200.jpg 300w, http:\/\/vertienteglobal.com\/wp-content\/uploads\/2020\/03\/IMG_20200312_003641-150x100.jpg 150w, http:\/\/vertienteglobal.com\/wp-content\/uploads\/2020\/03\/IMG_20200312_003641-768x512.jpg 768w, http:\/\/vertienteglobal.com\/wp-content\/uploads\/2020\/03\/IMG_20200312_003641-1536x1025.jpg 1536w, http:\/\/vertienteglobal.com\/wp-content\/uploads\/2020\/03\/IMG_20200312_003641-2048x1367.jpg 2048w\" sizes=\"auto, (max-width: 1024px) 100vw, 1024px\" \/><\/figure>\n","protected":false},"excerpt":{"rendered":"<p>(Redacci\u00f3n) Narv\u00e1ez Osorio ratific\u00f3 la disponibilidad de la Universidad, de poner a disposici\u00f3n de las autoridades, a los m\u00faltiples especialistas que se forman en las aulas: m\u00e9dicos, psic\u00f3logos, nutri\u00f3logos, abogados, ingenieros, entre otros, para atender cada viernes, las principales problem\u00e1ticas sociales en las comunidades que ellos designen Villahermosa, Tabasco a 11 de marzo de 2020.- [&hellip;]<\/p>\n","protected":false},"author":1,"featured_media":150746,"comment_status":"open","ping_status":"open","sticky":false,"template":"","format":"standard","meta":{"footnotes":""},"categories":[9,5],"tags":[],"class_list":["post-150745","post","type-post","status-publish","format-standard","has-post-thumbnail","hentry","category-educacion","category-tabasco","entry","has-media"],"jetpack_featured_media_url":"http:\/\/vertienteglobal.com\/wp-content\/uploads\/2020\/03\/IMG_20200312_003634.jpg","_links":{"self":[{"href":"http:\/\/vertienteglobal.com\/index.php?rest_route=\/wp\/v2\/posts\/150745","targetHints":{"allow":["GET"]}}],"collection":[{"href":"http:\/\/vertienteglobal.com\/index.php?rest_route=\/wp\/v2\/posts"}],"about":[{"href":"http:\/\/vertienteglobal.com\/index.php?rest_route=\/wp\/v2\/types\/post"}],"author":[{"embeddable":true,"href":"http:\/\/vertienteglobal.com\/index.php?rest_route=\/wp\/v2\/users\/1"}],"replies":[{"embeddable":true,"href":"http:\/\/vertienteglobal.com\/index.php?rest_route=%2Fwp%2Fv2%2Fcomments&post=150745"}],"version-history":[{"count":0,"href":"http:\/\/vertienteglobal.com\/index.php?rest_route=\/wp\/v2\/posts\/150745\/revisions"}],"wp:featuredmedia":[{"embeddable":true,"href":"http:\/\/vertienteglobal.com\/index.php?rest_route=\/wp\/v2\/media\/150746"}],"wp:attachment":[{"href":"http:\/\/vertienteglobal.com\/index.php?rest_route=%2Fwp%2Fv2%2Fmedia&parent=150745"}],"wp:term":[{"taxonomy":"category","embeddable":true,"href":"http:\/\/vertienteglobal.com\/index.php?rest_route=%2Fwp%2Fv2%2Fcategories&post=150745"},{"taxonomy":"post_tag","embeddable":true,"href":"http:\/\/vertienteglobal.com\/index.php?rest_route=%2Fwp%2Fv2%2Ftags&post=150745"}],"curies":[{"name":"wp","href":"https:\/\/api.w.org\/{rel}","templated":true}]}}