{"id":150680,"date":"2020-03-11T12:44:00","date_gmt":"2020-03-11T18:44:00","guid":{"rendered":"http:\/\/vertienteglobal.com\/?p=150680"},"modified":"2020-03-11T17:08:10","modified_gmt":"2020-03-11T23:08:10","slug":"anuncia-la-oms-que-el-virus-covid-19-es-oficialmente-considerado-una-pandemia-por-naciones-unidas-anuncia-la-oms","status":"publish","type":"post","link":"http:\/\/vertienteglobal.com\/?p=150680","title":{"rendered":"Anuncia la OMS que el virus COVID-19 es oficialmente considerado una pandemia por Naciones Unidas"},"content":{"rendered":"\n<div class=\"twitterbutton\" style=\"float: right; padding-left: 5px;\"><a href=\"http:\/\/twitter.com\/share\" class=\"twitter-share-button\" data-count=\"horizontal\" data-text=\"Anuncia la OMS que el virus COVID-19 es oficialmente considerado una pandemia po...\" data-via=\"https:\/\/twitter.com\/VertienteGloba1\" data-url=\"http:\/\/vertienteglobal.com\/?p=150680\" data-lang=\"es\" data-related=\"Informaci\u00f3n general:S\u00edguenos para que est\u00e9ss informado\"><\/a><\/div>\n<figure class=\"wp-block-image size-large\"><img loading=\"lazy\" decoding=\"async\" width=\"1024\" height=\"614\" src=\"http:\/\/vertienteglobal.com\/wp-content\/uploads\/2020\/03\/IMG_20200311_122322.jpg\" alt=\"\" class=\"wp-image-150681\" srcset=\"http:\/\/vertienteglobal.com\/wp-content\/uploads\/2020\/03\/IMG_20200311_122322.jpg 1024w, http:\/\/vertienteglobal.com\/wp-content\/uploads\/2020\/03\/IMG_20200311_122322-300x180.jpg 300w, http:\/\/vertienteglobal.com\/wp-content\/uploads\/2020\/03\/IMG_20200311_122322-150x90.jpg 150w, http:\/\/vertienteglobal.com\/wp-content\/uploads\/2020\/03\/IMG_20200311_122322-768x461.jpg 768w\" sizes=\"auto, (max-width: 1024px) 100vw, 1024px\" \/><\/figure>\n\n\n\n<p>(Redacci\u00f3n\/Agencias)<\/p>\n\n\n\n<p>\u201cPor lo tanto, hemos evaluado que # COVID19 puede caracterizarse como una pandemia\u201d, se\u00f1al\u00f3 el jefe de la OMS<\/p>\n\n\n\n<p>Suiza.- La Organizaci\u00f3n Mundial de la Salud (OMS) dijo hoy que el coronavirus causante del COVID-19 ya puede definirse como una \u201cpandemia\u201d, despu\u00e9s de que el n\u00famero de casos afectados fuera de China se haya multiplicado por 13 en dos semanas y en ese periodo los pa\u00edses afectados se hayan triplicado.<\/p>\n\n\n\n<p>La OMS estima que el COVID-19 puede ser caracterizado como una pandemia\u201c, asegur\u00f3 el director general de la OMS, Tedros Adhanom Ghebreyesus.<\/p>\n\n\n\n<p>Agreg\u00f3: \u00abPodemos esperar que el n\u00famero de casos, de decesos y de pa\u00edses afectados aumente\u201d en los pr\u00f3ximos d\u00edas y semanas.<\/p>\n\n\n\n<p>La Organizaci\u00f3n Mundial de la Salud (OMS) declar\u00f3 que el coronavirus Covid-19 ya es una pandemia.<\/p>\n\n\n\n<p>Esto despu\u00e9s de que el lunes advirtiera que la \u201camenaza de una pandemia se volvi\u00f3 muy real\u201d, ya que ha contaminado 110,000 personas en el mundo.<\/p>\n\n\n\n<p>M\u00e1s de 121,500 personas han sido infectadas por el coronavirus en todo el mundo y 4.383 han muerto, seg\u00fan un recuento de Reuters.<\/p>\n\n\n\n<p>Ciento dieciocho pa\u00edses han reportado infecciones fuera de China. La Rep\u00fablica Democr\u00e1tica del Congo inform\u00f3 de su primer caso, mientras que por primera vez murieron personas en Indonesia, L\u00edbano y Panam\u00e1 por el virus.<\/p>\n\n\n\n<figure class=\"wp-block-image size-large\"><img loading=\"lazy\" decoding=\"async\" width=\"1024\" height=\"683\" src=\"http:\/\/vertienteglobal.com\/wp-content\/uploads\/2020\/03\/IMG_20200311_123231-1024x683.jpg\" alt=\"\" class=\"wp-image-150682\" srcset=\"http:\/\/vertienteglobal.com\/wp-content\/uploads\/2020\/03\/IMG_20200311_123231-1024x683.jpg 1024w, http:\/\/vertienteglobal.com\/wp-content\/uploads\/2020\/03\/IMG_20200311_123231-300x200.jpg 300w, http:\/\/vertienteglobal.com\/wp-content\/uploads\/2020\/03\/IMG_20200311_123231-150x100.jpg 150w, http:\/\/vertienteglobal.com\/wp-content\/uploads\/2020\/03\/IMG_20200311_123231-768x512.jpg 768w, http:\/\/vertienteglobal.com\/wp-content\/uploads\/2020\/03\/IMG_20200311_123231-1536x1025.jpg 1536w, http:\/\/vertienteglobal.com\/wp-content\/uploads\/2020\/03\/IMG_20200311_123231.jpg 2048w\" sizes=\"auto, (max-width: 1024px) 100vw, 1024px\" \/><\/figure>\n","protected":false},"excerpt":{"rendered":"<p>(Redacci\u00f3n\/Agencias) \u201cPor lo tanto, hemos evaluado que # COVID19 puede caracterizarse como una pandemia\u201d, se\u00f1al\u00f3 el jefe de la OMS Suiza.- La Organizaci\u00f3n Mundial de la Salud (OMS) dijo hoy que el coronavirus causante del COVID-19 ya puede definirse como una \u201cpandemia\u201d, despu\u00e9s de que el n\u00famero de casos afectados fuera de China se haya [&hellip;]<\/p>\n","protected":false},"author":1,"featured_media":150681,"comment_status":"open","ping_status":"open","sticky":false,"template":"","format":"standard","meta":{"footnotes":""},"categories":[8],"tags":[],"class_list":["post-150680","post","type-post","status-publish","format-standard","has-post-thumbnail","hentry","category-pais","entry","has-media"],"jetpack_featured_media_url":"http:\/\/vertienteglobal.com\/wp-content\/uploads\/2020\/03\/IMG_20200311_122322.jpg","_links":{"self":[{"href":"http:\/\/vertienteglobal.com\/index.php?rest_route=\/wp\/v2\/posts\/150680","targetHints":{"allow":["GET"]}}],"collection":[{"href":"http:\/\/vertienteglobal.com\/index.php?rest_route=\/wp\/v2\/posts"}],"about":[{"href":"http:\/\/vertienteglobal.com\/index.php?rest_route=\/wp\/v2\/types\/post"}],"author":[{"embeddable":true,"href":"http:\/\/vertienteglobal.com\/index.php?rest_route=\/wp\/v2\/users\/1"}],"replies":[{"embeddable":true,"href":"http:\/\/vertienteglobal.com\/index.php?rest_route=%2Fwp%2Fv2%2Fcomments&post=150680"}],"version-history":[{"count":0,"href":"http:\/\/vertienteglobal.com\/index.php?rest_route=\/wp\/v2\/posts\/150680\/revisions"}],"wp:featuredmedia":[{"embeddable":true,"href":"http:\/\/vertienteglobal.com\/index.php?rest_route=\/wp\/v2\/media\/150681"}],"wp:attachment":[{"href":"http:\/\/vertienteglobal.com\/index.php?rest_route=%2Fwp%2Fv2%2Fmedia&parent=150680"}],"wp:term":[{"taxonomy":"category","embeddable":true,"href":"http:\/\/vertienteglobal.com\/index.php?rest_route=%2Fwp%2Fv2%2Fcategories&post=150680"},{"taxonomy":"post_tag","embeddable":true,"href":"http:\/\/vertienteglobal.com\/index.php?rest_route=%2Fwp%2Fv2%2Ftags&post=150680"}],"curies":[{"name":"wp","href":"https:\/\/api.w.org\/{rel}","templated":true}]}}