{"id":150585,"date":"2020-03-10T16:28:00","date_gmt":"2020-03-10T22:28:00","guid":{"rendered":"http:\/\/vertienteglobal.com\/?p=150585"},"modified":"2020-03-10T19:20:00","modified_gmt":"2020-03-11T01:20:00","slug":"recibira-sefiplan-propuestas-de-creditos-para-la-reestructuracion-de-la-deuda-publica-de-quintana-roo-yohanet-torres","status":"publish","type":"post","link":"http:\/\/vertienteglobal.com\/?p=150585","title":{"rendered":"Recibir\u00e1 Sefiplan propuestas de cr\u00e9ditos para la reestructuraci\u00f3n de la deuda p\u00fablica de Quintana Roo: Yohanet Torres"},"content":{"rendered":"\n<div class=\"twitterbutton\" style=\"float: right; padding-left: 5px;\"><a href=\"http:\/\/twitter.com\/share\" class=\"twitter-share-button\" data-count=\"horizontal\" data-text=\"Recibir\u00e1 Sefiplan propuestas de cr\u00e9ditos para la reestructuraci\u00f3n de la deuda...\" data-via=\"https:\/\/twitter.com\/VertienteGloba1\" data-url=\"http:\/\/vertienteglobal.com\/?p=150585\" data-lang=\"es\" data-related=\"Informaci\u00f3n general:S\u00edguenos para que est\u00e9ss informado\"><\/a><\/div>\n<figure class=\"wp-block-image size-large\"><img loading=\"lazy\" decoding=\"async\" width=\"900\" height=\"675\" src=\"http:\/\/vertienteglobal.com\/wp-content\/uploads\/2020\/03\/IMG_20200310_201019.jpg\" alt=\"\" class=\"wp-image-150586\" srcset=\"http:\/\/vertienteglobal.com\/wp-content\/uploads\/2020\/03\/IMG_20200310_201019.jpg 900w, http:\/\/vertienteglobal.com\/wp-content\/uploads\/2020\/03\/IMG_20200310_201019-300x225.jpg 300w, http:\/\/vertienteglobal.com\/wp-content\/uploads\/2020\/03\/IMG_20200310_201019-150x113.jpg 150w, http:\/\/vertienteglobal.com\/wp-content\/uploads\/2020\/03\/IMG_20200310_201019-768x576.jpg 768w\" sizes=\"auto, (max-width: 900px) 100vw, 900px\" \/><\/figure>\n\n\n\n<p>(Redacci\u00f3n)<\/p>\n\n\n\n<p>Inform\u00f3 de la prevenci\u00f3n del Coronavirus y liquidaci\u00f3n a extrabajadores del Seguro Popular<\/p>\n\n\n\n<p>Chetumal, Quintana Roo.- Basados los programas de ejecuci\u00f3n de obra y programas en la recaudaci\u00f3n propia, la secretaria de Finanzas Yohanet Torres Mu\u00f1oz reconoci\u00f3 que el panorama de recesi\u00f3n y estancamiento econ\u00f3mico en el pa\u00eds tendr\u00eda un impacto en el Estado si resultara afectado el turismo.<\/p>\n\n\n\n<p>\u201cLa mayor recaudaci\u00f3n propia que se tiene proviene del turismo a trav\u00e9s del impuesto sobre n\u00f3mina y del hospedaje y en caso de una afectaci\u00f3n econ\u00f3mica en el pa\u00eds l\u00f3gicamente bajar\u00eda la recaudaci\u00f3n. Esperemos que Dios quiera y no\u201d, afirm\u00f3.<\/p>\n\n\n\n<p>Torres Mu\u00f1oz descart\u00f3 la posibilidad de que las condiciones econ\u00f3micas y financieras en el pa\u00eds afecten en proceso de reestructuraci\u00f3n de la deuda publica que realiza el gobierno del Estado en estos momentos.<\/p>\n\n\n\n<p>Confirm\u00f3 que han sostenido dos reuniones de aclaraci\u00f3n de dudas y que las propuestas finales ser\u00e1n presentadas a m\u00e1s tardar el 27 de marzo con las mismas instituciones bancarias que se adjudicaron el proceso de reestructuraci\u00f3n efectuada en el 2016 a las que se agregaron otras m\u00e1s.<\/p>\n\n\n\n<p>Entre los bancos interesados en adquirir la reestructuraci\u00f3n de la deuda p\u00fablica se encuentran Bancomer, Banonbras, Santander, HSBC y Banco Multiva.<\/p>\n\n\n\n<p>La titular de Sefiplan, Yohanet Torres Mu\u00f1oz, asegur\u00f3 que el Estado cuenta con 70 millones como fondo de contingencia ante cualquier eventualidad, como el Covid 19.<\/p>\n\n\n\n<p>Explic\u00f3 que aparte del ahorro que ha tenido el Estado en el manejo de sus finanzas dispone de un fondo por 240 millones de los cuales saldr\u00edan 70 millones en caso de que el presupuesto del sector salud no alcance para atender las necesidades que se presenten a consecuencia de alguna afectaci\u00f3n por Covid 19.<\/p>\n\n\n\n<p>Afirm\u00f3 que es una previsi\u00f3n considerada en el presupuesto ante cualquier eventualidad tal y como sucedi\u00f3 en el 2018, cuando el Estado tuvo que intervenir para atender la contingencia que represent\u00f3 la presencia del sargazo en el litoral quintanarroense.<\/p>\n\n\n\n<p>Detall\u00f3 que se trata de recursos de procedencia estatal, ya que la Federaci\u00f3n no ha canalizado presupuesto alguno.<\/p>\n\n\n\n<p>Asimismo y en cuanto a los ex trabajadores del seguro popular, la secretaria de Finanzas confirm\u00f3 que los d\u00edas 11, 12 y 13 de marzo inicia el proceso de liquidaci\u00f3n de los aproximadamente 169 trabajadores que estaban asignados al Seguro Popular, lo cual representar\u00e1 una erogaci\u00f3n cercana a los 8 millones de pesos.<\/p>\n\n\n\n<p>Asegur\u00f3 que la ex directora del seguro popular ya cuenta con la chequera para realizar la programaci\u00f3n de los pagos correspondientes.<\/p>\n\n\n\n<p>Por \u00faltimo agreg\u00f3 que los pagos se realizar\u00e1n ante la presencia de las autoridades de la Junta de Conciliaci\u00f3n y Arbitraje con las que tienen pendientes unas reuniones d e trabajo para atender el proceso de liquidaci\u00f3n de los ex trabajadores.<\/p>\n","protected":false},"excerpt":{"rendered":"<p>(Redacci\u00f3n) Inform\u00f3 de la prevenci\u00f3n del Coronavirus y liquidaci\u00f3n a extrabajadores del Seguro Popular Chetumal, Quintana Roo.- Basados los programas de ejecuci\u00f3n de obra y programas en la recaudaci\u00f3n propia, la secretaria de Finanzas Yohanet Torres Mu\u00f1oz reconoci\u00f3 que el panorama de recesi\u00f3n y estancamiento econ\u00f3mico en el pa\u00eds tendr\u00eda un impacto en el Estado [&hellip;]<\/p>\n","protected":false},"author":1,"featured_media":150586,"comment_status":"open","ping_status":"open","sticky":false,"template":"","format":"standard","meta":{"footnotes":""},"categories":[3],"tags":[],"class_list":["post-150585","post","type-post","status-publish","format-standard","has-post-thumbnail","hentry","category-quintana-roo","entry","has-media"],"jetpack_featured_media_url":"http:\/\/vertienteglobal.com\/wp-content\/uploads\/2020\/03\/IMG_20200310_201019.jpg","_links":{"self":[{"href":"http:\/\/vertienteglobal.com\/index.php?rest_route=\/wp\/v2\/posts\/150585","targetHints":{"allow":["GET"]}}],"collection":[{"href":"http:\/\/vertienteglobal.com\/index.php?rest_route=\/wp\/v2\/posts"}],"about":[{"href":"http:\/\/vertienteglobal.com\/index.php?rest_route=\/wp\/v2\/types\/post"}],"author":[{"embeddable":true,"href":"http:\/\/vertienteglobal.com\/index.php?rest_route=\/wp\/v2\/users\/1"}],"replies":[{"embeddable":true,"href":"http:\/\/vertienteglobal.com\/index.php?rest_route=%2Fwp%2Fv2%2Fcomments&post=150585"}],"version-history":[{"count":0,"href":"http:\/\/vertienteglobal.com\/index.php?rest_route=\/wp\/v2\/posts\/150585\/revisions"}],"wp:featuredmedia":[{"embeddable":true,"href":"http:\/\/vertienteglobal.com\/index.php?rest_route=\/wp\/v2\/media\/150586"}],"wp:attachment":[{"href":"http:\/\/vertienteglobal.com\/index.php?rest_route=%2Fwp%2Fv2%2Fmedia&parent=150585"}],"wp:term":[{"taxonomy":"category","embeddable":true,"href":"http:\/\/vertienteglobal.com\/index.php?rest_route=%2Fwp%2Fv2%2Fcategories&post=150585"},{"taxonomy":"post_tag","embeddable":true,"href":"http:\/\/vertienteglobal.com\/index.php?rest_route=%2Fwp%2Fv2%2Ftags&post=150585"}],"curies":[{"name":"wp","href":"https:\/\/api.w.org\/{rel}","templated":true}]}}