{"id":150566,"date":"2020-03-10T12:50:00","date_gmt":"2020-03-10T18:50:00","guid":{"rendered":"http:\/\/vertienteglobal.com\/?p=150566"},"modified":"2020-03-10T18:20:06","modified_gmt":"2020-03-11T00:20:06","slug":"la-cumbre-mundial-de-turismo-se-hara-en-octubre-proximo-en-cancun-carlos-joaquin","status":"publish","type":"post","link":"http:\/\/vertienteglobal.com\/?p=150566","title":{"rendered":"La Cumbre Mundial de Turismo se har\u00e1 en octubre pr\u00f3ximo en Canc\u00fan: Carlos Joaqu\u00edn"},"content":{"rendered":"\n<div class=\"twitterbutton\" style=\"float: right; padding-left: 5px;\"><a href=\"http:\/\/twitter.com\/share\" class=\"twitter-share-button\" data-count=\"horizontal\" data-text=\"La Cumbre Mundial de Turismo se har\u00e1 en octubre pr\u00f3ximo en Canc\u00fan: Carlos Joa...\" data-via=\"https:\/\/twitter.com\/VertienteGloba1\" data-url=\"http:\/\/vertienteglobal.com\/?p=150566\" data-lang=\"es\" data-related=\"Informaci\u00f3n general:S\u00edguenos para que est\u00e9ss informado\"><\/a><\/div>\n<figure class=\"wp-block-image size-large\"><img loading=\"lazy\" decoding=\"async\" width=\"1024\" height=\"682\" src=\"http:\/\/vertienteglobal.com\/wp-content\/uploads\/2020\/03\/IMG_20200310_175357-1024x682.jpg\" alt=\"\" class=\"wp-image-150567\" srcset=\"http:\/\/vertienteglobal.com\/wp-content\/uploads\/2020\/03\/IMG_20200310_175357-1024x682.jpg 1024w, http:\/\/vertienteglobal.com\/wp-content\/uploads\/2020\/03\/IMG_20200310_175357-300x200.jpg 300w, http:\/\/vertienteglobal.com\/wp-content\/uploads\/2020\/03\/IMG_20200310_175357-150x100.jpg 150w, http:\/\/vertienteglobal.com\/wp-content\/uploads\/2020\/03\/IMG_20200310_175357-768x512.jpg 768w, http:\/\/vertienteglobal.com\/wp-content\/uploads\/2020\/03\/IMG_20200310_175357.jpg 1280w\" sizes=\"auto, (max-width: 1024px) 100vw, 1024px\" \/><\/figure>\n\n\n\n<p>(Redacci\u00f3n)<\/p>\n\n\n\n<p>Representa una plataforma para atraer m\u00e1s inversiones tur\u00edsticas y generar m\u00e1s empleos para quienes viven en Quintana Roo<\/p>\n\n\n\n<p>La celebraci\u00f3n en octubre es para garantizar la presencia de todos los invitados y personalidades de este evento, destaca Carlos Joaqu\u00edn junto con Gloria Guevara Manzo, presidenta del WTTC<\/p>\n\n\n\n<p>Ciudad de M\u00e9xico a 10 de marzo de 2020.- La Cumbre Mundial de Turismo 2020 se realizar\u00e1 en octubre del presente a\u00f1o en Canc\u00fan, anunci\u00f3 el gobernador Carlos Joaqu\u00edn junto con Gloria Guevara Manzo, Presidenta y CEO del Consejo Mundial de Viajes y Turismo (WTTC, por sus siglas en ingl\u00e9s), en conferencia de prensa.<\/p>\n\n\n\n<p>El gobernador de Quintana Roo resalt\u00f3 que en M\u00e9xico el Covid-19 no representa un riesgo para la realizaci\u00f3n de este evento; sin embargo, la celebraci\u00f3n en octubre tambi\u00e9n es para garantizar la presencia de todos los invitados y personalidades de este evento, frente a las restricciones que han adoptados algunos pa\u00edses ante la situaci\u00f3n actual del coronavirus.<\/p>\n\n\n\n<p>Carlos Joaqu\u00edn precis\u00f3 que en los destinos quintanarroenses, principalmente en Canc\u00fan, no se tienen problemas de salud y hay una serie de eventos programados sin ning\u00fan tipo de cancelaci\u00f3n, entre ellos las actividades en abril cuando Canc\u00fan cumple 50 a\u00f1os de existencia y que durar\u00e1n un a\u00f1o completo, del 20 de abril del 2020 al 19 de abril del 2021.<\/p>\n\n\n\n<p>Entre ellos, Carlos Joaqu\u00edn cit\u00f3 que en marzo se realizar\u00e1 el mundial de voleibol playero selectivo a Ol\u00edmpicos. En mayo, en Xcaret, los Premios Platino que es lo mejor del cine iberoamericano.<\/p>\n\n\n\n<p>El mundial de Pentatl\u00f3n y que es selectivo tambi\u00e9n a los Juegos Ol\u00edmpicos; el Congreso de Mundial de Medicina Interna en los pr\u00f3ximos meses; los torneos de PGA de Mayakob\u00e1 y en Cozumel el Iron Man.<\/p>\n\n\n\n<p>Al respecto, Guevara Manzo detall\u00f3 que este evento se realizar\u00e1 en octubre a solicitud del Gobierno de Quintana Roo, y permitir\u00e1 que este Summit sea el m\u00e1s exitoso en la historia del WTTC.<\/p>\n\n\n\n<p>Carlos Joaqu\u00edn explic\u00f3 que para Canc\u00fan y para Quintana Roo, la Cumbre Mundial ser\u00e1 una gran plataforma nacional e internacional, que permitir\u00e1 fortalecer al sector de viajes y turismo frente a la situaci\u00f3n econ\u00f3mica y de salud que se vive a nivel global.<\/p>\n\n\n\n<p>El objetivo de la Cumbre Mundial es atraer inversiones tur\u00edsticas y generar m\u00e1s empleos para la gente de Quintana Roo y otros destinos nacionales, por lo que se considera relevante que se celebre el pr\u00f3ximo mes de octubre.<\/p>\n\n\n\n<p>La Cumbre del Consejo Mundial de Viajes y Turismo es un evento de talla mundial que se ha llevado a cabo en grandes ciudades y destinos como Las Vegas, Buenos Aires, Barcelona, Sevilla y Bangkok, entre otros; por lo que M\u00e9xico y Canc\u00fan ser\u00e1n el centro de atenci\u00f3n del sector tur\u00edstico mundial.<\/p>\n\n\n\n<p>El sector de viajes y turismo representa el 10.4 por ciento del PIB global, adem\u00e1s de generar 319 millones de empleos, es decir, una de cada 10 fuentes de trabajo en el mundo. Esta actividad aporta 8.8 billones de d\u00f3lares al a\u00f1o a la econom\u00eda de las naciones, y en los pr\u00f3ximos 10 a\u00f1os su contribuci\u00f3n pasar\u00e1 de 10.4 a 11.5 por ciento del PIB mundial, y se generar\u00e1n 100 millones de nuevos empleos en el planeta.<\/p>\n\n\n\n<p>La Cumbre Mundial Canc\u00fan 2020 reunir\u00e1 a CEO\u00b4s de las principales empresas del sector de viajes y turismo a nivel global, para analizar los retos y oportunidades de esta importante industria.<\/p>\n\n\n\n<figure class=\"wp-block-image size-large\"><img loading=\"lazy\" decoding=\"async\" width=\"1024\" height=\"682\" src=\"http:\/\/vertienteglobal.com\/wp-content\/uploads\/2020\/03\/IMG_20200310_175405-1024x682.jpg\" alt=\"\" class=\"wp-image-150568\" srcset=\"http:\/\/vertienteglobal.com\/wp-content\/uploads\/2020\/03\/IMG_20200310_175405-1024x682.jpg 1024w, http:\/\/vertienteglobal.com\/wp-content\/uploads\/2020\/03\/IMG_20200310_175405-300x200.jpg 300w, http:\/\/vertienteglobal.com\/wp-content\/uploads\/2020\/03\/IMG_20200310_175405-150x100.jpg 150w, http:\/\/vertienteglobal.com\/wp-content\/uploads\/2020\/03\/IMG_20200310_175405-768x512.jpg 768w, http:\/\/vertienteglobal.com\/wp-content\/uploads\/2020\/03\/IMG_20200310_175405.jpg 1280w\" sizes=\"auto, (max-width: 1024px) 100vw, 1024px\" \/><\/figure>\n","protected":false},"excerpt":{"rendered":"<p>(Redacci\u00f3n) Representa una plataforma para atraer m\u00e1s inversiones tur\u00edsticas y generar m\u00e1s empleos para quienes viven en Quintana Roo La celebraci\u00f3n en octubre es para garantizar la presencia de todos los invitados y personalidades de este evento, destaca Carlos Joaqu\u00edn junto con Gloria Guevara Manzo, presidenta del WTTC Ciudad de M\u00e9xico a 10 de marzo [&hellip;]<\/p>\n","protected":false},"author":1,"featured_media":150567,"comment_status":"open","ping_status":"open","sticky":false,"template":"","format":"standard","meta":{"footnotes":""},"categories":[8,3],"tags":[],"class_list":["post-150566","post","type-post","status-publish","format-standard","has-post-thumbnail","hentry","category-pais","category-quintana-roo","entry","has-media"],"jetpack_featured_media_url":"http:\/\/vertienteglobal.com\/wp-content\/uploads\/2020\/03\/IMG_20200310_175357.jpg","_links":{"self":[{"href":"http:\/\/vertienteglobal.com\/index.php?rest_route=\/wp\/v2\/posts\/150566","targetHints":{"allow":["GET"]}}],"collection":[{"href":"http:\/\/vertienteglobal.com\/index.php?rest_route=\/wp\/v2\/posts"}],"about":[{"href":"http:\/\/vertienteglobal.com\/index.php?rest_route=\/wp\/v2\/types\/post"}],"author":[{"embeddable":true,"href":"http:\/\/vertienteglobal.com\/index.php?rest_route=\/wp\/v2\/users\/1"}],"replies":[{"embeddable":true,"href":"http:\/\/vertienteglobal.com\/index.php?rest_route=%2Fwp%2Fv2%2Fcomments&post=150566"}],"version-history":[{"count":0,"href":"http:\/\/vertienteglobal.com\/index.php?rest_route=\/wp\/v2\/posts\/150566\/revisions"}],"wp:featuredmedia":[{"embeddable":true,"href":"http:\/\/vertienteglobal.com\/index.php?rest_route=\/wp\/v2\/media\/150567"}],"wp:attachment":[{"href":"http:\/\/vertienteglobal.com\/index.php?rest_route=%2Fwp%2Fv2%2Fmedia&parent=150566"}],"wp:term":[{"taxonomy":"category","embeddable":true,"href":"http:\/\/vertienteglobal.com\/index.php?rest_route=%2Fwp%2Fv2%2Fcategories&post=150566"},{"taxonomy":"post_tag","embeddable":true,"href":"http:\/\/vertienteglobal.com\/index.php?rest_route=%2Fwp%2Fv2%2Ftags&post=150566"}],"curies":[{"name":"wp","href":"https:\/\/api.w.org\/{rel}","templated":true}]}}