{"id":150185,"date":"2020-03-06T17:45:52","date_gmt":"2020-03-06T23:45:52","guid":{"rendered":"http:\/\/vertienteglobal.com\/?p=150185"},"modified":"2020-03-07T13:50:34","modified_gmt":"2020-03-07T19:50:34","slug":"protestan-universitarias-nuevamente-por-acoso-sexual-en-la-uady","status":"publish","type":"post","link":"http:\/\/vertienteglobal.com\/?p=150185","title":{"rendered":"Protestan universitarias nuevamente por acoso sexual en la UADY"},"content":{"rendered":"\n<div class=\"twitterbutton\" style=\"float: right; padding-left: 5px;\"><a href=\"http:\/\/twitter.com\/share\" class=\"twitter-share-button\" data-count=\"horizontal\" data-text=\"Protestan universitarias nuevamente por acoso sexual en la UADY\" data-via=\"https:\/\/twitter.com\/VertienteGloba1\" data-url=\"http:\/\/vertienteglobal.com\/?p=150185\" data-lang=\"es\" data-related=\"Informaci\u00f3n general:S\u00edguenos para que est\u00e9ss informado\"><\/a><\/div>\n<figure class=\"wp-block-image size-large\"><img loading=\"lazy\" decoding=\"async\" width=\"900\" height=\"501\" src=\"http:\/\/vertienteglobal.com\/wp-content\/uploads\/2020\/03\/IMG_20200307_143902.jpg\" alt=\"\" class=\"wp-image-150187\" srcset=\"http:\/\/vertienteglobal.com\/wp-content\/uploads\/2020\/03\/IMG_20200307_143902.jpg 900w, http:\/\/vertienteglobal.com\/wp-content\/uploads\/2020\/03\/IMG_20200307_143902-300x167.jpg 300w, http:\/\/vertienteglobal.com\/wp-content\/uploads\/2020\/03\/IMG_20200307_143902-150x84.jpg 150w, http:\/\/vertienteglobal.com\/wp-content\/uploads\/2020\/03\/IMG_20200307_143902-768x428.jpg 768w\" sizes=\"auto, (max-width: 900px) 100vw, 900px\" \/><\/figure>\n\n\n\n<p>(Redacci\u00f3n)<\/p>\n\n\n\n<p>Las estudiantes de la UADY sosten\u00edan consignas como \u201cNinguna universidad puede hablar de prestigio si tolera y encubre acosadores\u201d, \u201cno tengo privilegio que proteja este cuerpo, en la UADY creen que soy un blanco perfecto\u201d<\/p>\n\n\n\n<p>Merida, Yucat\u00e1n, a 06 de marzo 2020.- Por segunda ocasi\u00f3n, estudiantes yucatecas se manifestaron en evento p\u00fablico como una denuncia por los casos de acoso sexual que se registran dentro de las instituciones universitarias.<\/p>\n\n\n\n<p>Al realizarse un evento para conmemorar el D\u00eda Internacional de la Mujer en la Universidad Aut\u00f3noma de Yucat\u00e1n (UADY), estudiantes universitarias, con pa\u00f1uelos verdes atados al cuello, caminaron hacia la parte de enfrente del p\u00f3dium y se sentaron a espaldas del rector Jos\u00e9 de J\u00e9sus Williams y otras autoridades, quedando de frente hacia sus compa\u00f1eros y expusieron pancartas en las que se manifestaron en contra del acoso sexual y la violencia de g\u00e9nero.<\/p>\n\n\n\n<p>Y es que de manera silenciosa, es la segunda ocasi\u00f3n que se presenta en el estado una protesta de este tipo, ya que la primera en este a\u00f1o fue la que se realiz\u00f3 el pasado 14 de febrero en un evento en el que el rector de la Universidad Nacional Aut\u00f3noma de M\u00e9xico (UNAM), Enrique Graue Wiechers junto con el gobernador Mauricio Vila Dosal, inauguraron la Escuela Nacional de Estudios Superiores (Enes) en Yucat\u00e1n.<\/p>\n\n\n\n<p>En esta ocasi\u00f3n, las estudiantes de la UADY sosten\u00edan consignas como \u201cNinguna universidad puede hablar de prestigio si tolera y encubre acosadores\u201d, \u201cno tengo privilegio que proteja este cuerpo, en la UADY creen que soy un blanco perfecto\u201d.<\/p>\n\n\n\n<p>Cabe se\u00f1alar que en los \u00faltimos meses, un docente y un trabajador fueron dados de baja en la UADY por acosar a estudiantes universitarias.<\/p>\n\n\n\n<p>Desde agosto del a\u00f1o pasado, la universidad yucateca activ\u00f3 el Protocolo para la Prevenci\u00f3n, Atenci\u00f3n y Sanci\u00f3n de la Violencia de G\u00e9nero, Discriminaci\u00f3n, Hostigamiento, Acoso y Abuso sexuales y desde entonces se han atendido 34 quejas, de las cuales se resolvieron 24; otras seis fueron cerradas porque no fueron procedentes.<\/p>\n\n\n\n<p>Sin embargo, a pesar de esto, las estudiantes contin\u00faan denunciando las mismas problem\u00e1ticas.<\/p>\n\n\n\n<p>Cabe destacar que actualmente se cre\u00f3 un colectivo que se llama UADY sin Acoso, a trav\u00e9s del cual se reciben quejas de este tipo.<\/p>\n","protected":false},"excerpt":{"rendered":"<p>(Redacci\u00f3n) Las estudiantes de la UADY sosten\u00edan consignas como \u201cNinguna universidad puede hablar de prestigio si tolera y encubre acosadores\u201d, \u201cno tengo privilegio que proteja este cuerpo, en la UADY creen que soy un blanco perfecto\u201d Merida, Yucat\u00e1n, a 06 de marzo 2020.- Por segunda ocasi\u00f3n, estudiantes yucatecas se manifestaron en evento p\u00fablico como una [&hellip;]<\/p>\n","protected":false},"author":1,"featured_media":150187,"comment_status":"open","ping_status":"open","sticky":false,"template":"","format":"standard","meta":{"footnotes":""},"categories":[9,2],"tags":[],"class_list":["post-150185","post","type-post","status-publish","format-standard","has-post-thumbnail","hentry","category-educacion","category-yucatan","entry","has-media"],"jetpack_featured_media_url":"http:\/\/vertienteglobal.com\/wp-content\/uploads\/2020\/03\/IMG_20200307_143902.jpg","_links":{"self":[{"href":"http:\/\/vertienteglobal.com\/index.php?rest_route=\/wp\/v2\/posts\/150185","targetHints":{"allow":["GET"]}}],"collection":[{"href":"http:\/\/vertienteglobal.com\/index.php?rest_route=\/wp\/v2\/posts"}],"about":[{"href":"http:\/\/vertienteglobal.com\/index.php?rest_route=\/wp\/v2\/types\/post"}],"author":[{"embeddable":true,"href":"http:\/\/vertienteglobal.com\/index.php?rest_route=\/wp\/v2\/users\/1"}],"replies":[{"embeddable":true,"href":"http:\/\/vertienteglobal.com\/index.php?rest_route=%2Fwp%2Fv2%2Fcomments&post=150185"}],"version-history":[{"count":0,"href":"http:\/\/vertienteglobal.com\/index.php?rest_route=\/wp\/v2\/posts\/150185\/revisions"}],"wp:featuredmedia":[{"embeddable":true,"href":"http:\/\/vertienteglobal.com\/index.php?rest_route=\/wp\/v2\/media\/150187"}],"wp:attachment":[{"href":"http:\/\/vertienteglobal.com\/index.php?rest_route=%2Fwp%2Fv2%2Fmedia&parent=150185"}],"wp:term":[{"taxonomy":"category","embeddable":true,"href":"http:\/\/vertienteglobal.com\/index.php?rest_route=%2Fwp%2Fv2%2Fcategories&post=150185"},{"taxonomy":"post_tag","embeddable":true,"href":"http:\/\/vertienteglobal.com\/index.php?rest_route=%2Fwp%2Fv2%2Ftags&post=150185"}],"curies":[{"name":"wp","href":"https:\/\/api.w.org\/{rel}","templated":true}]}}