{"id":150031,"date":"2020-03-05T14:24:00","date_gmt":"2020-03-05T20:24:00","guid":{"rendered":"http:\/\/vertienteglobal.com\/?p=150031"},"modified":"2020-03-05T16:25:49","modified_gmt":"2020-03-05T22:25:49","slug":"reforzaran-hoteles-de-la-riviera-maya-estandares-de-higiene-para-cuidar-la-salud-de-turistas-y-trabajadores-ante-epidemia-de-coronavirus","status":"publish","type":"post","link":"http:\/\/vertienteglobal.com\/?p=150031","title":{"rendered":"Reforzar\u00e1n hoteles de la Riviera Maya est\u00e1ndares de higiene para cuidar la salud de turistas y trabajadores, ante epidemia de Coronavirus"},"content":{"rendered":"\n<div class=\"twitterbutton\" style=\"float: right; padding-left: 5px;\"><a href=\"http:\/\/twitter.com\/share\" class=\"twitter-share-button\" data-count=\"horizontal\" data-text=\"Reforzar\u00e1n hoteles de la Riviera Maya est\u00e1ndares de higiene para cuidar la sal...\" data-via=\"https:\/\/twitter.com\/VertienteGloba1\" data-url=\"http:\/\/vertienteglobal.com\/?p=150031\" data-lang=\"es\" data-related=\"Informaci\u00f3n general:S\u00edguenos para que est\u00e9ss informado\"><\/a><\/div>\n<figure class=\"wp-block-image size-large\"><img loading=\"lazy\" decoding=\"async\" width=\"900\" height=\"425\" src=\"http:\/\/vertienteglobal.com\/wp-content\/uploads\/2020\/03\/IMG_20200305_170741.jpg\" alt=\"\" class=\"wp-image-150033\" srcset=\"http:\/\/vertienteglobal.com\/wp-content\/uploads\/2020\/03\/IMG_20200305_170741.jpg 900w, http:\/\/vertienteglobal.com\/wp-content\/uploads\/2020\/03\/IMG_20200305_170741-300x142.jpg 300w, http:\/\/vertienteglobal.com\/wp-content\/uploads\/2020\/03\/IMG_20200305_170741-150x71.jpg 150w, http:\/\/vertienteglobal.com\/wp-content\/uploads\/2020\/03\/IMG_20200305_170741-768x363.jpg 768w\" sizes=\"auto, (max-width: 900px) 100vw, 900px\" \/><\/figure>\n\n\n\n<p>(Redacci\u00f3n)<\/p>\n\n\n\n<p>Reconoci\u00f3 que la industria hotelera reforz\u00f3 los est\u00e1ndares de limpieza e higiene del personal e instalaciones y est\u00e1 pendiente de los expertos para mantenerse informada y tomar medidas razonables para evitar y contener la presencia de cualquier caso<\/p>\n\n\n\n<p>Playa del Carmen, municipio de Solidaridad, Quintana Roo a 05 de marzo de 2020.- La Asociaci\u00f3n de Hoteles de la Riviera Maya (AHRM) anunci\u00f3 que reforzar\u00e1 las buenas pr\u00e1cticas de higiene y seguridad para cuidar la salud de sus colaboradores y hu\u00e9spedes ante la epidemia del coronavirus Covid-19 e hizo un llamado a \u201cser prudentes, estar preparados y no reaccionar en forma exagerada\u201d frente a la expansi\u00f3n de esta enfermedad en el mundo.<\/p>\n\n\n\n<p>Y es que son necesarias, pero a veces una reacci\u00f3n exagerada por miedo puede ser, incluso, m\u00e1s negativa para el destino, as\u00ed que debemos tomar decisiones basadas en hechos y dar a conocer que es seguro viajar al Caribe Mexicano\u201d, coment\u00f3 Conrad Bergwerf, presidente de la AHRM al t\u00e9rmino de la reuni\u00f3n del Consejo Directivo de la agrupaci\u00f3n para abordar el tema del Covid-19.<\/p>\n\n\n\n<p>De acuerdo con un bolet\u00edn, la Organizaci\u00f3n Mundial de la Salud (OMS) reporta en el mundo m\u00e1s de 93 mil contagios de la enfermedad y m\u00e1s de 3 mil decesos. En M\u00e9xico hay cinco casos confirmados y actualmente el Caribe Mexicano est\u00e1 libre de esa enfermedad.<\/p>\n\n\n\n<p>\u201cLa OMS ha dicho claramente que el riesgo de viajar al Caribe Mexicano es bajo. Como hoteleros y responsables de negocios tur\u00edsticos debemos reaccionar adecuadamente y sin exageraciones, guiarnos por hechos y consejos de expertos m\u00e9dicos, de los funcionarios internacionales, nacionales y estatales que se ocupan de la situaci\u00f3n\u201d, reiter\u00f3 el dirigente.<\/p>\n\n\n\n<p>En ese sentido, Manuel Paredes, director de Operaciones de la AHRM, reconoci\u00f3 que la industria hotelera reforz\u00f3 los est\u00e1ndares de limpieza e higiene del personal e instalaciones y est\u00e1 pendiente de los expertos para mantenerse informada y tomar medidas razonables para evitar y contener la presencia de cualquier caso.<\/p>\n\n\n\n<p>\u201cNo es momento de dejar que el miedo y el p\u00e1nico afecten la actividad econ\u00f3mica y tur\u00edstica del Estado. Lo m\u00e1s importante es hacer sentir seguros a nuestros colaboradores y visitantes, y compartirles informaci\u00f3n de lo que estamos haciendo conforme a los consejos de sanidad de los organismos de salud nacionales e internacionales\u201d, reafirm\u00f3.<\/p>\n\n\n\n<p>Conrad Bergwerf enfatiz\u00f3 que la industria tur\u00edstica debe centrarse en sus empleados y clientes, y asegurarles que su salud y bienestar son lo m\u00e1s importante. \u201cTenemos que centrarnos en nuestro talento humano, en la comunidad, asegurarnos de que estamos respondiendo frente a la actuales condiciones de manera apropiada y garantizar la continuidad de nuestros negocios y la disponibilidad de servicios para quienes conf\u00edan en nosotros para pasar aqu\u00ed sus vacaciones\u201d, concluy\u00f3.<\/p>\n","protected":false},"excerpt":{"rendered":"<p>(Redacci\u00f3n) Reconoci\u00f3 que la industria hotelera reforz\u00f3 los est\u00e1ndares de limpieza e higiene del personal e instalaciones y est\u00e1 pendiente de los expertos para mantenerse informada y tomar medidas razonables para evitar y contener la presencia de cualquier caso Playa del Carmen, municipio de Solidaridad, Quintana Roo a 05 de marzo de 2020.- La Asociaci\u00f3n [&hellip;]<\/p>\n","protected":false},"author":1,"featured_media":150033,"comment_status":"open","ping_status":"open","sticky":false,"template":"","format":"standard","meta":{"footnotes":""},"categories":[3],"tags":[],"class_list":["post-150031","post","type-post","status-publish","format-standard","has-post-thumbnail","hentry","category-quintana-roo","entry","has-media"],"jetpack_featured_media_url":"http:\/\/vertienteglobal.com\/wp-content\/uploads\/2020\/03\/IMG_20200305_170741.jpg","_links":{"self":[{"href":"http:\/\/vertienteglobal.com\/index.php?rest_route=\/wp\/v2\/posts\/150031","targetHints":{"allow":["GET"]}}],"collection":[{"href":"http:\/\/vertienteglobal.com\/index.php?rest_route=\/wp\/v2\/posts"}],"about":[{"href":"http:\/\/vertienteglobal.com\/index.php?rest_route=\/wp\/v2\/types\/post"}],"author":[{"embeddable":true,"href":"http:\/\/vertienteglobal.com\/index.php?rest_route=\/wp\/v2\/users\/1"}],"replies":[{"embeddable":true,"href":"http:\/\/vertienteglobal.com\/index.php?rest_route=%2Fwp%2Fv2%2Fcomments&post=150031"}],"version-history":[{"count":0,"href":"http:\/\/vertienteglobal.com\/index.php?rest_route=\/wp\/v2\/posts\/150031\/revisions"}],"wp:featuredmedia":[{"embeddable":true,"href":"http:\/\/vertienteglobal.com\/index.php?rest_route=\/wp\/v2\/media\/150033"}],"wp:attachment":[{"href":"http:\/\/vertienteglobal.com\/index.php?rest_route=%2Fwp%2Fv2%2Fmedia&parent=150031"}],"wp:term":[{"taxonomy":"category","embeddable":true,"href":"http:\/\/vertienteglobal.com\/index.php?rest_route=%2Fwp%2Fv2%2Fcategories&post=150031"},{"taxonomy":"post_tag","embeddable":true,"href":"http:\/\/vertienteglobal.com\/index.php?rest_route=%2Fwp%2Fv2%2Ftags&post=150031"}],"curies":[{"name":"wp","href":"https:\/\/api.w.org\/{rel}","templated":true}]}}