{"id":149914,"date":"2020-03-04T13:34:00","date_gmt":"2020-03-04T19:34:00","guid":{"rendered":"http:\/\/vertienteglobal.com\/?p=149914"},"modified":"2020-03-04T16:10:13","modified_gmt":"2020-03-04T22:10:13","slug":"coronavirus-detiene-a-james-bond","status":"publish","type":"post","link":"http:\/\/vertienteglobal.com\/?p=149914","title":{"rendered":"Coronavirus detiene a \u00abJames Bond\u00bb"},"content":{"rendered":"\n<div class=\"twitterbutton\" style=\"float: right; padding-left: 5px;\"><a href=\"http:\/\/twitter.com\/share\" class=\"twitter-share-button\" data-count=\"horizontal\" data-text=\"Coronavirus detiene a \u00abJames Bond\u00bb\" data-via=\"https:\/\/twitter.com\/VertienteGloba1\" data-url=\"http:\/\/vertienteglobal.com\/?p=149914\" data-lang=\"es\" data-related=\"Informaci\u00f3n general:S\u00edguenos para que est\u00e9ss informado\"><\/a><\/div>\n<figure class=\"wp-block-image size-large\"><img loading=\"lazy\" decoding=\"async\" width=\"724\" height=\"500\" src=\"http:\/\/vertienteglobal.com\/wp-content\/uploads\/2020\/03\/IMG_20200304_170644.jpg\" alt=\"\" class=\"wp-image-149916\" srcset=\"http:\/\/vertienteglobal.com\/wp-content\/uploads\/2020\/03\/IMG_20200304_170644.jpg 724w, http:\/\/vertienteglobal.com\/wp-content\/uploads\/2020\/03\/IMG_20200304_170644-300x207.jpg 300w, http:\/\/vertienteglobal.com\/wp-content\/uploads\/2020\/03\/IMG_20200304_170644-150x104.jpg 150w\" sizes=\"auto, (max-width: 724px) 100vw, 724px\" \/><\/figure>\n\n\n\n<p>(Redacci\u00f3n)<\/p>\n\n\n\n<p>De esta manera, mientras que en el Reino Unido el filme estar\u00e1 en las pantallas cinematogr\u00e1ficas el 12 de noviembre &#8211; y no el 2 de abril-, en Estados Unidos ser\u00e1 hasta el 25 de noviembre<\/p>\n\n\n\n<p>Los Angeles California, EEUU, a 04 de marzo de 2020.- El coronavirus tiene una v\u00edctima m\u00e1s, se trata del lanzamiento de la entrega n\u00famero veinticinco de las cintas de \u00abJames Bond\u00bb, que pospone el estreno de la pel\u00edcula No Time to Die, protagonizada por Daniel Craig.<\/p>\n\n\n\n<p>Y es que este mi\u00e9rcoles, por medio de las redes oficiales de la saga, se dio el anuncio oficial.<\/p>\n\n\n\n<p>Inform\u00f3: \u00abLos productores de anunciaron hoy que, despu\u00e9s de una cuidadosa consideraci\u00f3n y una evaluaci\u00f3n exhaustiva del mercado teatral mundial, el lanzamiento de No Time to Die, se pospondr\u00e1 hasta noviembre de 2020\u00bb.<\/p>\n\n\n\n<p>De esta manera, mientras que en el Reino Unido el filme estar\u00e1 en las pantallas cinematogr\u00e1ficas el 12 de noviembre &#8211; y no el 2 de abril-, en Estados Unidos ser\u00e1 hasta el 25 de noviembre. <\/p>\n\n\n\n<p>Las fechas de estreno en el resto del mundo a\u00fan no se han anunciado.<\/p>\n\n\n\n<p>No Time to Die es dirigida por Cary Fukunaga, con un elenco que -adem\u00e1s del regreso de Craig, en lo que asegur\u00f3 ser su \u00faltima aparici\u00f3n como \u00abBond\u00bb-, incluye a Rami Malek, L\u00e9a Seydoux, Lashana Lynch, Ana de Armas, Naomie Harris, Ben Whishaw, Jeffrey Wright, Ralph Fiennes y Christoph Waltz.<\/p>\n\n\n\n<p>Hace apenas unos d\u00edas, James Page y David Leigh, aficionados del \u00abAgente 007\u00bb, escribieron una carta abierta a los productores y distribuidores, a trav\u00e9s de su blog MI6-HQ, para pedir el retraso, pidiendo poner a la salud p\u00fablica por encima de los calendarios de lanzamiento y marketing. (Fuente: Notimex)<\/p>\n","protected":false},"excerpt":{"rendered":"<p>(Redacci\u00f3n) De esta manera, mientras que en el Reino Unido el filme estar\u00e1 en las pantallas cinematogr\u00e1ficas el 12 de noviembre &#8211; y no el 2 de abril-, en Estados Unidos ser\u00e1 hasta el 25 de noviembre Los Angeles California, EEUU, a 04 de marzo de 2020.- El coronavirus tiene una v\u00edctima m\u00e1s, se trata [&hellip;]<\/p>\n","protected":false},"author":1,"featured_media":149916,"comment_status":"open","ping_status":"open","sticky":false,"template":"","format":"standard","meta":{"footnotes":""},"categories":[10],"tags":[],"class_list":["post-149914","post","type-post","status-publish","format-standard","has-post-thumbnail","hentry","category-espectaculos","entry","has-media"],"jetpack_featured_media_url":"http:\/\/vertienteglobal.com\/wp-content\/uploads\/2020\/03\/IMG_20200304_170644.jpg","_links":{"self":[{"href":"http:\/\/vertienteglobal.com\/index.php?rest_route=\/wp\/v2\/posts\/149914","targetHints":{"allow":["GET"]}}],"collection":[{"href":"http:\/\/vertienteglobal.com\/index.php?rest_route=\/wp\/v2\/posts"}],"about":[{"href":"http:\/\/vertienteglobal.com\/index.php?rest_route=\/wp\/v2\/types\/post"}],"author":[{"embeddable":true,"href":"http:\/\/vertienteglobal.com\/index.php?rest_route=\/wp\/v2\/users\/1"}],"replies":[{"embeddable":true,"href":"http:\/\/vertienteglobal.com\/index.php?rest_route=%2Fwp%2Fv2%2Fcomments&post=149914"}],"version-history":[{"count":0,"href":"http:\/\/vertienteglobal.com\/index.php?rest_route=\/wp\/v2\/posts\/149914\/revisions"}],"wp:featuredmedia":[{"embeddable":true,"href":"http:\/\/vertienteglobal.com\/index.php?rest_route=\/wp\/v2\/media\/149916"}],"wp:attachment":[{"href":"http:\/\/vertienteglobal.com\/index.php?rest_route=%2Fwp%2Fv2%2Fmedia&parent=149914"}],"wp:term":[{"taxonomy":"category","embeddable":true,"href":"http:\/\/vertienteglobal.com\/index.php?rest_route=%2Fwp%2Fv2%2Fcategories&post=149914"},{"taxonomy":"post_tag","embeddable":true,"href":"http:\/\/vertienteglobal.com\/index.php?rest_route=%2Fwp%2Fv2%2Ftags&post=149914"}],"curies":[{"name":"wp","href":"https:\/\/api.w.org\/{rel}","templated":true}]}}