{"id":149786,"date":"2020-03-03T13:34:00","date_gmt":"2020-03-03T19:34:00","guid":{"rendered":"http:\/\/vertienteglobal.com\/?p=149786"},"modified":"2020-03-03T21:36:58","modified_gmt":"2020-03-04T03:36:58","slug":"presenta-mara-estampilla-postal-conmemorativa-del-50-aniversario-de-cancun","status":"publish","type":"post","link":"http:\/\/vertienteglobal.com\/?p=149786","title":{"rendered":"Presenta Mara estampilla postal conmemorativa del 50 aniversario de Canc\u00fan"},"content":{"rendered":"\n<div class=\"twitterbutton\" style=\"float: right; padding-left: 5px;\"><a href=\"http:\/\/twitter.com\/share\" class=\"twitter-share-button\" data-count=\"horizontal\" data-text=\"Presenta Mara estampilla postal conmemorativa del 50 aniversario de Canc\u00fan\" data-via=\"https:\/\/twitter.com\/VertienteGloba1\" data-url=\"http:\/\/vertienteglobal.com\/?p=149786\" data-lang=\"es\" data-related=\"Informaci\u00f3n general:S\u00edguenos para que est\u00e9ss informado\"><\/a><\/div>\n<figure class=\"wp-block-image size-large\"><img loading=\"lazy\" decoding=\"async\" width=\"1024\" height=\"648\" src=\"http:\/\/vertienteglobal.com\/wp-content\/uploads\/2020\/03\/IMG_20200303_221452-1024x648.jpg\" alt=\"\" class=\"wp-image-149788\" srcset=\"http:\/\/vertienteglobal.com\/wp-content\/uploads\/2020\/03\/IMG_20200303_221452-1024x648.jpg 1024w, http:\/\/vertienteglobal.com\/wp-content\/uploads\/2020\/03\/IMG_20200303_221452-300x190.jpg 300w, http:\/\/vertienteglobal.com\/wp-content\/uploads\/2020\/03\/IMG_20200303_221452-150x95.jpg 150w, http:\/\/vertienteglobal.com\/wp-content\/uploads\/2020\/03\/IMG_20200303_221452-768x486.jpg 768w, http:\/\/vertienteglobal.com\/wp-content\/uploads\/2020\/03\/IMG_20200303_221452.jpg 1280w\" sizes=\"auto, (max-width: 1024px) 100vw, 1024px\" \/><\/figure>\n\n\n\n<p>(Redacci\u00f3n)<\/p>\n\n\n\n<p>La Presidente Municipal destac\u00f3 que la estampilla apoyar\u00e1 la promoci\u00f3n y dar\u00e1 visibilidad del festejo de 50 Aniversario de Canc\u00fan<\/p>\n\n\n\n<p>Entreg\u00f3 reconocimientos a embajadores de pa\u00edses que han contribuido con un importante n\u00famero de visitantes a Canc\u00fan<\/p>\n\n\n\n<p>Ciudad de M\u00e9xico, a 03 de marzo de 2020.- \u201cNos hemos consolidado como una ciudad cosmopolita, que se distingue nacional e internacionalmente por sus maravillosas playas, su diversidad, su multiculturalidad y la calidez de su gente\u201d, expres\u00f3 la Presidente Municipal, Mara Lezama.<\/p>\n\n\n\n<p>La Primera Autoridad Municipal encabez\u00f3 en el Palacio Postal, la cancelaci\u00f3n de la primera estampilla postal conmemorativa de la emisi\u00f3n de circulaci\u00f3n nacional, que servir\u00e1 en la promoci\u00f3n y visibilidad del festejo de 50 Aniversario de Canc\u00fan.<\/p>\n\n\n\n<p>\u201cLa historia de una ciudad la hace su gente y en estas cinco d\u00e9cadas han participado muchas personas, pioneros, vecinos e instituciones, posicionando a Canc\u00fan en una de las zonas m\u00e1s visitadas de M\u00e9xico y uno de los centros tur\u00edsticos m\u00e1s importantes del mundo\u201d, dijo.<\/p>\n\n\n\n<p>De acuerdo con un estudio realizado por el Consejo Mundial de Viajes y Turismo, Canc\u00fan ocupa uno de los primeros lugares a nivel mundial, entre las ciudades con mayor porcentaje de aportaci\u00f3n al Producto Interno Bruto y en generaci\u00f3n de empleos derivados del turismo.<\/p>\n\n\n\n<p>Anualmente, este polo vacacional recibe a m\u00e1s de siete millones de turistas, gracias a una impresionante infraestructura de m\u00e1s de 36 mil cuartos de hotel y 70 mil metros cuadrados de espacios para congresos y exposiciones.<\/p>\n\n\n\n<p>Todo ello, dijo la Primera Edil, se refleja en esta estampilla que estar\u00e1 en circulaci\u00f3n: \u201cque todo M\u00e9xico se entere de lo que somos, de lo que ha construido nuestra gente, gente de bien, trabajadora y luchona\u201d.<\/p>\n\n\n\n<p>\u201cLlegamos a los 50 a\u00f1os como un destino tur\u00edstico global, una ciudadan\u00eda diversa, vibrante y participativa, un sector empresarial potente y un sue\u00f1o compartido de un Canc\u00fan incluyente y sostenible\u201d, asever\u00f3.<\/p>\n\n\n\n<p>Destac\u00f3 que por parte de su administraci\u00f3n, se decidi\u00f3 hacer una fiesta de alto contenido cultural, art\u00edstico, deportivo, para los cancunenses y para quienes visitan el destino.<\/p>\n\n\n\n<p>La Presidente Municipal mencion\u00f3 que tambi\u00e9n se trazaron 50 compromisos para este a\u00f1o, con el objetivo de sentar las bases para un mejor gobierno, que trabaje de la mano de quienes hacen fuerte este destino, para dotar de oportunidades a quienes lo necesitan.<\/p>\n\n\n\n<p>Reconoci\u00f3 el apoyo del Presidente Andr\u00e9s Manuel L\u00f3pez Obrador, para esta celebraci\u00f3n, y hacer de este 50 aniversario un evento que perdure y trascienda.<\/p>\n\n\n\n<p>Posteriormente, la Presidente Municipal hizo entrega de reconocimientos a los embajadores de Colombia, Ecuador, Marruecos, Uruguay y Jamaica, acreditados en M\u00e9xico, por ser los pa\u00edses que han contribuido con un importante n\u00famero de visitantes a Canc\u00fan.<\/p>\n\n\n\n<p>La subdirectora de Filatelia en Correos de M\u00e9xico (CEPOMEX), Karina L\u00f3pez Preciado, en representaci\u00f3n de la directora general del Servicio Postal Mexicano, Mar\u00eda Emilia Janetti D\u00edaz, detall\u00f3 que la estampilla cuenta con una fotograf\u00eda a\u00e9rea de este polo vacacional y su valor corresponde al env\u00edo ordinario de una carta en el pa\u00eds, Estados Unidos y Centroam\u00e9rica.<\/p>\n\n\n\n<p>COMPLEMENTOS INFORMATIVOS<\/p>\n\n\n\n<p>CITA TEXTUAL:<br>\n\u201cLa fiesta de estos 50 a\u00f1os es una transformaci\u00f3n que estamos haciendo del gobierno, para atender, despu\u00e9s de un largo periodo de abandono, a todos aquellos que hacen posible todos los d\u00edas nuestra ciudad albergue a miles de turistas, brindando servicios de la m\u00e1s alta calidad\u201d.<br>\nMara Lezama, Presidente Municipal de Benito Ju\u00e1rez<\/p>\n\n\n\n<p>NUMERALIAS:<\/p>\n\n\n\n<p>11.50 pesos es el precio de la estampilla<br>\n200,000 estampillas es el tiraje<\/p>\n\n\n\n<p>Datos de conexi\u00f3n de Canc\u00fan:<br>\n25 destinos nacionales<br>\n32 pa\u00edses<br>\n55 aerol\u00edneas<br>\n100 ciudades<br>\n25\u00b4000,000 de pasajeros por el Aeropuerto Internacional de Canc\u00fan<\/p>\n\n\n\n<p>CONTEXTO:<\/p>\n\n\n\n<p>Existen diversos grupos de estampillas:<br>\nPermanentes: Denominadas tambi\u00e9n como \u201ccomunes\u201d, \u201cordinarias\u201d, \u201cde uso corriente\u201d o \u201cdefinitivas\u201d. Tienen la funci\u00f3n fundamental de cubrir las necesidades del mercado para el pago de porte de la materia postal, tienen un tema com\u00fan y sus dise\u00f1os guardan una misma l\u00ednea, son impresas en grandes cantidades y reimpresas cada vez que las necesidades de los correos y la implantaci\u00f3n de una nueva tarifa postal lo requieran.<br>\nConmemorativas: Se emiten con motivo de un acontecimiento de gran inter\u00e9s, una efem\u00e9ride, o para exaltar a personajes c\u00e9lebres; su impresi\u00f3n es limitada y por una sola ocasi\u00f3n.<br>\nEspeciales: Se emiten cada a\u00f1o sin llegar a ser conmemorativas o bajo una tem\u00e1tica determinada.<\/p>\n\n\n\n<p>CAJA DE DATOS:<\/p>\n\n\n\n<p>Otros asistentes al evento:<\/p>\n\n\n\n<p>Sergio Mayer Bret\u00f3n, diputado federal por la LXIV Legislatura y presidente de la Comisi\u00f3n de Cultura y Cinematograf\u00eda de la C\u00e1mara de Diputados<br>\nIdania Garc\u00eda Aguayo, en representaci\u00f3n del Gobernador de Quintana Roo, Carlos Joaqu\u00edn Gonz\u00e1lez, en la Ciudad de M\u00e9xico<br>\nPatricia Eugenia C\u00e1rdenas Santamar\u00eda, Embajadora de Colombia en M\u00e9xico<br>\nEnrique Ponce de Le\u00f3n Rom\u00e1n, Embajador de Ecuador en M\u00e9xico<br>\nAbderrahman Leibek, Embajador de Marruecos en M\u00e9xico<br>\nAnibal Fernando Cabral Segalerba, Embajador de Uruguay en M\u00e9xico<br>\nJason Hall, Embajador de Jamaica en M\u00e9xico<\/p>\n","protected":false},"excerpt":{"rendered":"<p>(Redacci\u00f3n) La Presidente Municipal destac\u00f3 que la estampilla apoyar\u00e1 la promoci\u00f3n y dar\u00e1 visibilidad del festejo de 50 Aniversario de Canc\u00fan Entreg\u00f3 reconocimientos a embajadores de pa\u00edses que han contribuido con un importante n\u00famero de visitantes a Canc\u00fan Ciudad de M\u00e9xico, a 03 de marzo de 2020.- \u201cNos hemos consolidado como una ciudad cosmopolita, que [&hellip;]<\/p>\n","protected":false},"author":1,"featured_media":149788,"comment_status":"open","ping_status":"open","sticky":false,"template":"","format":"standard","meta":{"footnotes":""},"categories":[8,3],"tags":[],"class_list":["post-149786","post","type-post","status-publish","format-standard","has-post-thumbnail","hentry","category-pais","category-quintana-roo","entry","has-media"],"jetpack_featured_media_url":"http:\/\/vertienteglobal.com\/wp-content\/uploads\/2020\/03\/IMG_20200303_221452.jpg","_links":{"self":[{"href":"http:\/\/vertienteglobal.com\/index.php?rest_route=\/wp\/v2\/posts\/149786","targetHints":{"allow":["GET"]}}],"collection":[{"href":"http:\/\/vertienteglobal.com\/index.php?rest_route=\/wp\/v2\/posts"}],"about":[{"href":"http:\/\/vertienteglobal.com\/index.php?rest_route=\/wp\/v2\/types\/post"}],"author":[{"embeddable":true,"href":"http:\/\/vertienteglobal.com\/index.php?rest_route=\/wp\/v2\/users\/1"}],"replies":[{"embeddable":true,"href":"http:\/\/vertienteglobal.com\/index.php?rest_route=%2Fwp%2Fv2%2Fcomments&post=149786"}],"version-history":[{"count":0,"href":"http:\/\/vertienteglobal.com\/index.php?rest_route=\/wp\/v2\/posts\/149786\/revisions"}],"wp:featuredmedia":[{"embeddable":true,"href":"http:\/\/vertienteglobal.com\/index.php?rest_route=\/wp\/v2\/media\/149788"}],"wp:attachment":[{"href":"http:\/\/vertienteglobal.com\/index.php?rest_route=%2Fwp%2Fv2%2Fmedia&parent=149786"}],"wp:term":[{"taxonomy":"category","embeddable":true,"href":"http:\/\/vertienteglobal.com\/index.php?rest_route=%2Fwp%2Fv2%2Fcategories&post=149786"},{"taxonomy":"post_tag","embeddable":true,"href":"http:\/\/vertienteglobal.com\/index.php?rest_route=%2Fwp%2Fv2%2Ftags&post=149786"}],"curies":[{"name":"wp","href":"https:\/\/api.w.org\/{rel}","templated":true}]}}