{"id":149713,"date":"2020-03-02T12:46:37","date_gmt":"2020-03-02T18:46:37","guid":{"rendered":"http:\/\/vertienteglobal.com\/?p=149713"},"modified":"2020-03-03T10:49:59","modified_gmt":"2020-03-03T16:49:59","slug":"quintana-roo-sigue-libre-de-coronavirus-y-aplica-medidas-preventivas-para-disminuir-el-riesgo-de-propagacion-carlos-joaquin","status":"publish","type":"post","link":"http:\/\/vertienteglobal.com\/?p=149713","title":{"rendered":"Quintana Roo sigue libre de coronavirus y aplica medidas preventivas para disminuir el riesgo de propagaci\u00f3n: Carlos Joaqu\u00edn"},"content":{"rendered":"\n<div class=\"twitterbutton\" style=\"float: right; padding-left: 5px;\"><a href=\"http:\/\/twitter.com\/share\" class=\"twitter-share-button\" data-count=\"horizontal\" data-text=\"Quintana Roo sigue libre de coronavirus y aplica medidas preventivas para dismin...\" data-via=\"https:\/\/twitter.com\/VertienteGloba1\" data-url=\"http:\/\/vertienteglobal.com\/?p=149713\" data-lang=\"es\" data-related=\"Informaci\u00f3n general:S\u00edguenos para que est\u00e9ss informado\"><\/a><\/div>\n<figure class=\"wp-block-image size-large\"><img loading=\"lazy\" decoding=\"async\" width=\"1024\" height=\"453\" src=\"http:\/\/vertienteglobal.com\/wp-content\/uploads\/2020\/03\/IMG_20200303_113605-1024x453.jpg\" alt=\"\" class=\"wp-image-149714\" srcset=\"http:\/\/vertienteglobal.com\/wp-content\/uploads\/2020\/03\/IMG_20200303_113605-1024x453.jpg 1024w, http:\/\/vertienteglobal.com\/wp-content\/uploads\/2020\/03\/IMG_20200303_113605-300x133.jpg 300w, http:\/\/vertienteglobal.com\/wp-content\/uploads\/2020\/03\/IMG_20200303_113605-150x66.jpg 150w, http:\/\/vertienteglobal.com\/wp-content\/uploads\/2020\/03\/IMG_20200303_113605-768x340.jpg 768w, http:\/\/vertienteglobal.com\/wp-content\/uploads\/2020\/03\/IMG_20200303_113605.jpg 1280w\" sizes=\"auto, (max-width: 1024px) 100vw, 1024px\" \/><\/figure>\n\n\n\n<p><br> (Redacci\u00f3n)<\/p>\n\n\n\n<p>El gobernador Carlos Joaqu\u00edn preside la sesi\u00f3n extraordinaria del Consejo Estatal de Protecci\u00f3n Civil e instala el Comit\u00e9 Transitorio del Fen\u00f3meno Perturbador Sanitario-Ecol\u00f3gico<\/p>\n\n\n\n<p><br> El titular del Ejecutivo pide a la gente estar bien informada y evitar que haya p\u00e1nico, pues se tienen planes de respuesta para la atenci\u00f3n de casos<\/p>\n\n\n\n<p>Chetumal, Quintana Roo a 02 de marzo de 2020.- \u201cQuintana Roo no tiene casos a\u00fan de coronavirus, pero estamos prepar\u00e1ndonos ante cualquier circunstancia\u201d, expres\u00f3 hoy el gobernador Carlos Joaqu\u00edn al presidir la sesi\u00f3n extraordinaria del Consejo Estatal de Protecci\u00f3n Civil y la instalaci\u00f3n del Comit\u00e9 Transitorio del Fen\u00f3meno Perturbador Sanitario-Ecol\u00f3gico.<\/p>\n\n\n\n<p>El gobernador de Quintana Roo hizo un llamado a la poblaci\u00f3n para que est\u00e9 bien informada, evite que haya p\u00e1nico y afronte la realidad con calma.<\/p>\n\n\n\n<p>\u201cAnte cualquier situaci\u00f3n, siempre tenemos los protocolos y las alertas de inmediato. Recibimos muchos visitantes de varios lugares del mundo, debemos estar atentos y tener siempre la posibilidad de atender cualquier circunstancia\u201d, reiter\u00f3 Carlos Joaqu\u00edn.<\/p>\n\n\n\n<p>El Comit\u00e9 Transitorio del Fen\u00f3meno Perturbador Sanitario-Ecol\u00f3gico est\u00e1 integrado por autoridades de los tres \u00f3rdenes de gobierno, del ej\u00e9rcito y de la marina, y responde a las obligaciones y facultades establecidas en la Ley General de Protecci\u00f3n Civil, y la correspondiente a Quintana Roo, para que se implemente un programa especial de protecci\u00f3n civil aplicando el proceso de Gesti\u00f3n Integral de Riesgos para atender, espec\u00edficamente, el fen\u00f3meno natural de tipo sanitario COVID 19, que se presenta a nivel mundial.<\/p>\n\n\n\n<p>El gobernador Carlos Joaqu\u00edn explic\u00f3 que, en este caso de tipo sanitario, se involucran los tres \u00f3rdenes de gobierno y, por supuesto, toda la sociedad, y abarca las fases de prevenci\u00f3n, de mitigaci\u00f3n, de preparaci\u00f3n de auxilio a la poblaci\u00f3n y de recuperaci\u00f3n.<\/p>\n\n\n\n<p>Carlos Joaqu\u00edn inform\u00f3 que las unidades hospitalarias de la Secretar\u00eda de Salud tienen planes de respuesta para la atenci\u00f3n de casos, as\u00ed como las medidas preventivas para disminuir el riesgo de propagaci\u00f3n de la enfermedad.<\/p>\n\n\n\n<p>\u201cDentro de las acciones de mitigaci\u00f3n que debemos de llevar a cabo est\u00e1n las de reducir los riesgos y limitar los da\u00f1os a trav\u00e9s de la vigilancia epidemiol\u00f3gica y la detecci\u00f3n temprana de casos y, cuando haya casos detectados, aplicar el aislamiento preventivo voluntario y la investigaci\u00f3n de contactos\u201d, expres\u00f3.<\/p>\n\n\n\n<p>La secretaria de Salud Alejandra Aguirre Crespo dio a conocer que en Quintana Roo se tiene el Laboratorio Estatal de Salud P\u00fablica, que est\u00e1 certificado y cuenta con la tecnolog\u00eda necesaria para hacer un diagn\u00f3stico del nuevo coronavirus.<\/p>\n\n\n\n<p>Precis\u00f3 la funcionaria p\u00fablica que la entidad est\u00e1 en fase de preparaci\u00f3n, con todos los marcos de actuaci\u00f3n.<\/p>\n\n\n\n<p>\u201cYa podemos hacer los diagn\u00f3sticos, la ejecuci\u00f3n de los protocolos, los ensayos y los simulacros. Todos los hospitales, tanto p\u00fablicos como privados, est\u00e1n regidos bajo esta propuesta y est\u00e1n muy adheridos a las recomendaciones y a los lineamientos que debemos de tener\u201d, declar\u00f3 la secretaria Aguirre Crespo.<\/p>\n\n\n\n<p>\u201cLos hospitales tienen sus protocolos de actuaci\u00f3n, ya saben qu\u00e9 hacer cuando llegue un paciente, ya sea sospechoso o confirmado. Entonces, si\u00e9ntanse tranquilos, pues hemos estado actuando apegados a los protocolos y a tiempo, eso es algo bien importante que me gustar\u00eda transmitirles\u201d, a\u00f1adi\u00f3 Aguirre Crespo.<\/p>\n\n\n\n<p>La explicaci\u00f3n de la secretaria Aguirre Crespo fue traducida en la lengua maya.<\/p>\n\n\n\n<p>Presidieron esta sesi\u00f3n Adri\u00e1n Mart\u00ednez Ortega, director general de la Coordinaci\u00f3n Estatal de Protecci\u00f3n Civil; el vicealmirante Eduardo Rojas Pineda, comandante de la 11 Zona Naval; el general de brigada Jos\u00e9 Luis V\u00e1zquez Araiza, comandante de la 34 Zona Militar; y Jorge Arturo Contreras Castillo, secretario de Gobierno del Estado.<\/p>\n\n\n\n<figure class=\"wp-block-image size-large\"><img loading=\"lazy\" decoding=\"async\" width=\"1024\" height=\"682\" src=\"http:\/\/vertienteglobal.com\/wp-content\/uploads\/2020\/03\/IMG_20200303_113612-1024x682.jpg\" alt=\"\" class=\"wp-image-149715\" srcset=\"http:\/\/vertienteglobal.com\/wp-content\/uploads\/2020\/03\/IMG_20200303_113612-1024x682.jpg 1024w, http:\/\/vertienteglobal.com\/wp-content\/uploads\/2020\/03\/IMG_20200303_113612-300x200.jpg 300w, http:\/\/vertienteglobal.com\/wp-content\/uploads\/2020\/03\/IMG_20200303_113612-150x100.jpg 150w, http:\/\/vertienteglobal.com\/wp-content\/uploads\/2020\/03\/IMG_20200303_113612-768x512.jpg 768w, http:\/\/vertienteglobal.com\/wp-content\/uploads\/2020\/03\/IMG_20200303_113612.jpg 1280w\" sizes=\"auto, (max-width: 1024px) 100vw, 1024px\" \/><\/figure>\n","protected":false},"excerpt":{"rendered":"<p>(Redacci\u00f3n) El gobernador Carlos Joaqu\u00edn preside la sesi\u00f3n extraordinaria del Consejo Estatal de Protecci\u00f3n Civil e instala el Comit\u00e9 Transitorio del Fen\u00f3meno Perturbador Sanitario-Ecol\u00f3gico El titular del Ejecutivo pide a la gente estar bien informada y evitar que haya p\u00e1nico, pues se tienen planes de respuesta para la atenci\u00f3n de casos Chetumal, Quintana Roo a [&hellip;]<\/p>\n","protected":false},"author":1,"featured_media":149714,"comment_status":"open","ping_status":"open","sticky":false,"template":"","format":"standard","meta":{"footnotes":""},"categories":[3],"tags":[],"class_list":["post-149713","post","type-post","status-publish","format-standard","has-post-thumbnail","hentry","category-quintana-roo","entry","has-media"],"jetpack_featured_media_url":"http:\/\/vertienteglobal.com\/wp-content\/uploads\/2020\/03\/IMG_20200303_113605.jpg","_links":{"self":[{"href":"http:\/\/vertienteglobal.com\/index.php?rest_route=\/wp\/v2\/posts\/149713","targetHints":{"allow":["GET"]}}],"collection":[{"href":"http:\/\/vertienteglobal.com\/index.php?rest_route=\/wp\/v2\/posts"}],"about":[{"href":"http:\/\/vertienteglobal.com\/index.php?rest_route=\/wp\/v2\/types\/post"}],"author":[{"embeddable":true,"href":"http:\/\/vertienteglobal.com\/index.php?rest_route=\/wp\/v2\/users\/1"}],"replies":[{"embeddable":true,"href":"http:\/\/vertienteglobal.com\/index.php?rest_route=%2Fwp%2Fv2%2Fcomments&post=149713"}],"version-history":[{"count":0,"href":"http:\/\/vertienteglobal.com\/index.php?rest_route=\/wp\/v2\/posts\/149713\/revisions"}],"wp:featuredmedia":[{"embeddable":true,"href":"http:\/\/vertienteglobal.com\/index.php?rest_route=\/wp\/v2\/media\/149714"}],"wp:attachment":[{"href":"http:\/\/vertienteglobal.com\/index.php?rest_route=%2Fwp%2Fv2%2Fmedia&parent=149713"}],"wp:term":[{"taxonomy":"category","embeddable":true,"href":"http:\/\/vertienteglobal.com\/index.php?rest_route=%2Fwp%2Fv2%2Fcategories&post=149713"},{"taxonomy":"post_tag","embeddable":true,"href":"http:\/\/vertienteglobal.com\/index.php?rest_route=%2Fwp%2Fv2%2Ftags&post=149713"}],"curies":[{"name":"wp","href":"https:\/\/api.w.org\/{rel}","templated":true}]}}