{"id":149440,"date":"2020-02-28T10:27:00","date_gmt":"2020-02-28T16:27:00","guid":{"rendered":"http:\/\/vertienteglobal.com\/?p=149440"},"modified":"2020-02-29T13:29:42","modified_gmt":"2020-02-29T19:29:42","slug":"cartelera-de-la-feria-comalcalco-2020","status":"publish","type":"post","link":"http:\/\/vertienteglobal.com\/?p=149440","title":{"rendered":"Cartelera de la Feria Comalcalco 2020"},"content":{"rendered":"\n<div class=\"twitterbutton\" style=\"float: right; padding-left: 5px;\"><a href=\"http:\/\/twitter.com\/share\" class=\"twitter-share-button\" data-count=\"horizontal\" data-text=\"Cartelera de la Feria Comalcalco 2020\" data-via=\"https:\/\/twitter.com\/VertienteGloba1\" data-url=\"http:\/\/vertienteglobal.com\/?p=149440\" data-lang=\"es\" data-related=\"Informaci\u00f3n general:S\u00edguenos para que est\u00e9ss informado\"><\/a><\/div>\n<figure class=\"wp-block-image size-large\"><img loading=\"lazy\" decoding=\"async\" width=\"662\" height=\"1024\" src=\"http:\/\/vertienteglobal.com\/wp-content\/uploads\/2020\/02\/IMG_20200229_132728-662x1024.jpg\" alt=\"\" class=\"wp-image-149441\" srcset=\"http:\/\/vertienteglobal.com\/wp-content\/uploads\/2020\/02\/IMG_20200229_132728-662x1024.jpg 662w, http:\/\/vertienteglobal.com\/wp-content\/uploads\/2020\/02\/IMG_20200229_132728-194x300.jpg 194w, http:\/\/vertienteglobal.com\/wp-content\/uploads\/2020\/02\/IMG_20200229_132728-97x150.jpg 97w, http:\/\/vertienteglobal.com\/wp-content\/uploads\/2020\/02\/IMG_20200229_132728-768x1187.jpg 768w, http:\/\/vertienteglobal.com\/wp-content\/uploads\/2020\/02\/IMG_20200229_132728.jpg 828w\" sizes=\"auto, (max-width: 662px) 100vw, 662px\" \/><\/figure>\n\n\n\n<p>(Redacci\u00f3n)<\/p>\n\n\n\n<p>La Feria de Comalcalco 2020  \u201cCultura, Progreso y Tradici\u00f3n\u201d tendr\u00e1 del 9 al 17 de mayo un cartel de artistas nacionales e internacionales que se presentar\u00e1n en el estadio de beisbol \u201cAntonio Valenzuela Alamilla\u201d.<\/p>\n\n\n\n<p>De manera oficial el Ayuntamiento que preside Lorena M\u00e9ndez Denis informa que el d\u00eda 9 de mayo que se realizar\u00e1 la elecci\u00f3n de la \u201cFlor del Cacao\u201d se presentar\u00e1 la agrupaci\u00f3n \u201cLos Socios del Ritmo\u201d, el d\u00eda 10 ser\u00e1 dedicado un \u201cFestival art\u00edstico del D\u00eda de las Madres\u201d a todas las mam\u00e1s del municipio y el 11 de mayo corresponder\u00e1 la presentaci\u00f3n de artistas locales.<\/p>\n\n\n\n<p>Para el d\u00eda 12 de mayo se presentar\u00e1 \u201cRayito Colombiano\u201d, el 13 de mayo estar\u00e1 ante el p\u00fablico el cantante colombiano del g\u00e9nero urbano \u201cManuel Turizo\u201d.<\/p>\n\n\n\n<p>El 14 de mayo la agrupaci\u00f3n de m\u00fasica norte\u00f1o-banda \u201cCalibre 50\u201d ofrecer\u00e1 a sus fans un amplio repertorio musical a los visitantes de la feria. <\/p>\n\n\n\n<p>El 15 de mayo corresponder\u00e1 el espect\u00e1culo a \u00abEl Tit\u00e1n de la Salsa\u00bb el colombiano Alberto Barros y el 16 de mayo la cantante jarocha \u201cYuri\u201d.<\/p>\n\n\n\n<p>Para cerrar con broche de oro el 17 de mayo el estadio de Comalcalco rugir\u00e1 con \u201cLos Tigres del Norte\u201d.<\/p>\n\n\n\n<p>La feria Comalcalco 2020 incluir\u00e1 diversos atractivos como charreada, foros culturales, agropecuarios, artesanales, exposici\u00f3n ganadera, espacios comerciales, juegos mec\u00e1nicos, y mucha diversi\u00f3n para todas las edades en la Unidad Deportiva Municipal.<\/p>\n","protected":false},"excerpt":{"rendered":"<p>(Redacci\u00f3n) La Feria de Comalcalco 2020 \u201cCultura, Progreso y Tradici\u00f3n\u201d tendr\u00e1 del 9 al 17 de mayo un cartel de artistas nacionales e internacionales que se presentar\u00e1n en el estadio de beisbol \u201cAntonio Valenzuela Alamilla\u201d. De manera oficial el Ayuntamiento que preside Lorena M\u00e9ndez Denis informa que el d\u00eda 9 de mayo que se realizar\u00e1 [&hellip;]<\/p>\n","protected":false},"author":1,"featured_media":149441,"comment_status":"open","ping_status":"open","sticky":false,"template":"","format":"standard","meta":{"footnotes":""},"categories":[10],"tags":[],"class_list":["post-149440","post","type-post","status-publish","format-standard","has-post-thumbnail","hentry","category-espectaculos","entry","has-media"],"jetpack_featured_media_url":"http:\/\/vertienteglobal.com\/wp-content\/uploads\/2020\/02\/IMG_20200229_132728.jpg","_links":{"self":[{"href":"http:\/\/vertienteglobal.com\/index.php?rest_route=\/wp\/v2\/posts\/149440","targetHints":{"allow":["GET"]}}],"collection":[{"href":"http:\/\/vertienteglobal.com\/index.php?rest_route=\/wp\/v2\/posts"}],"about":[{"href":"http:\/\/vertienteglobal.com\/index.php?rest_route=\/wp\/v2\/types\/post"}],"author":[{"embeddable":true,"href":"http:\/\/vertienteglobal.com\/index.php?rest_route=\/wp\/v2\/users\/1"}],"replies":[{"embeddable":true,"href":"http:\/\/vertienteglobal.com\/index.php?rest_route=%2Fwp%2Fv2%2Fcomments&post=149440"}],"version-history":[{"count":0,"href":"http:\/\/vertienteglobal.com\/index.php?rest_route=\/wp\/v2\/posts\/149440\/revisions"}],"wp:featuredmedia":[{"embeddable":true,"href":"http:\/\/vertienteglobal.com\/index.php?rest_route=\/wp\/v2\/media\/149441"}],"wp:attachment":[{"href":"http:\/\/vertienteglobal.com\/index.php?rest_route=%2Fwp%2Fv2%2Fmedia&parent=149440"}],"wp:term":[{"taxonomy":"category","embeddable":true,"href":"http:\/\/vertienteglobal.com\/index.php?rest_route=%2Fwp%2Fv2%2Fcategories&post=149440"},{"taxonomy":"post_tag","embeddable":true,"href":"http:\/\/vertienteglobal.com\/index.php?rest_route=%2Fwp%2Fv2%2Ftags&post=149440"}],"curies":[{"name":"wp","href":"https:\/\/api.w.org\/{rel}","templated":true}]}}