{"id":149406,"date":"2020-02-27T20:30:00","date_gmt":"2020-02-28T02:30:00","guid":{"rendered":"http:\/\/vertienteglobal.com\/?p=149406"},"modified":"2020-02-28T07:31:55","modified_gmt":"2020-02-28T13:31:55","slug":"fritz-sierra-convoca-a-sumar-esfuerzos-para-generar-cultura-de-prevencion-en-yucatan","status":"publish","type":"post","link":"http:\/\/vertienteglobal.com\/?p=149406","title":{"rendered":"Fritz Sierra convoca a sumar esfuerzos para generar cultura de prevenci\u00f3n en Yucat\u00e1n"},"content":{"rendered":"\n<div class=\"twitterbutton\" style=\"float: right; padding-left: 5px;\"><a href=\"http:\/\/twitter.com\/share\" class=\"twitter-share-button\" data-count=\"horizontal\" data-text=\"Fritz Sierra convoca a sumar esfuerzos para generar cultura de prevenci\u00f3n en Yu...\" data-via=\"https:\/\/twitter.com\/VertienteGloba1\" data-url=\"http:\/\/vertienteglobal.com\/?p=149406\" data-lang=\"es\" data-related=\"Informaci\u00f3n general:S\u00edguenos para que est\u00e9ss informado\"><\/a><\/div>\n<figure class=\"wp-block-image size-large\"><img loading=\"lazy\" decoding=\"async\" width=\"800\" height=\"533\" src=\"http:\/\/vertienteglobal.com\/wp-content\/uploads\/2020\/02\/2498_3_530.jpg\" alt=\"\" class=\"wp-image-149408\" srcset=\"http:\/\/vertienteglobal.com\/wp-content\/uploads\/2020\/02\/2498_3_530.jpg 800w, http:\/\/vertienteglobal.com\/wp-content\/uploads\/2020\/02\/2498_3_530-300x200.jpg 300w, http:\/\/vertienteglobal.com\/wp-content\/uploads\/2020\/02\/2498_3_530-150x100.jpg 150w, http:\/\/vertienteglobal.com\/wp-content\/uploads\/2020\/02\/2498_3_530-768x512.jpg 768w\" sizes=\"auto, (max-width: 800px) 100vw, 800px\" \/><\/figure>\n\n\n\n<p>(Redacci\u00f3n)<\/p>\n\n\n\n<p>Se instala el Comit\u00e9 Estatal de Prevenci\u00f3n y Combate de Incendios Agropecuarios y Forestales de Yucat\u00e1n 2020<\/p>\n\n\n\n<p>M\u00e9rida, Yucat\u00e1n, 27 de febrero de 2020.- Con el llamado a la sociedad en su conjunto a sumar esfuerzos con las autoridades en las tareas de prevenci\u00f3n y concientizaci\u00f3n del manejo responsable del fuego, prioridad del mandatario Mauricio Vila Dosal, la titular de la Secretar\u00eda General de Gobierno (SGG), Mar\u00eda Fritz Sierra, encabez\u00f3 la instalaci\u00f3n del Comit\u00e9 Estatal de Prevenci\u00f3n y Combate de Incendios Agropecuarios y Forestales de Yucat\u00e1n 2020.<\/p>\n\n\n\n<p>En la ceremonia, que tuvo lugar en la sala de juntas de la Secretar\u00eda de Desarrollo Rural (Seder), Fritz Sierra subray\u00f3 que, ante la temporada de intensa sequ\u00eda y baja precipitaci\u00f3n pluvial, la preparaci\u00f3n permite disminuir los riesgos de que ocurran siniestros, por lo que es importante que se respete la ley y se colabore, evitando las quemas clandestinas y arrojar colillas de cigarro, basura y envases vac\u00edos a las orillas de las carreteras, entre otras acciones.<\/p>\n\n\n\n<p>Acompa\u00f1ada de los titulares de la Seder, Jorge D\u00edaz Loeza, y de la Coordinaci\u00f3n Estatal de Protecci\u00f3n Civil (Procivy), Jes\u00fas Enrique Alcocer Basto, la funcionaria pidi\u00f3 a las brigadas y representantes de las 26 instancias de los tres niveles de Gobierno que integran el Comit\u00e9 redoblar esfuerzos, en beneficio de la seguridad de la poblaci\u00f3n y de la entidad.<\/p>\n\n\n\n<p>Fritz Sierra expres\u00f3 su reconocimiento a quienes laboran para reducir los incendios y sus estragos, resaltando el trabajo de coordinaci\u00f3n entre las diversas dependencias involucradas en la materia, misma que ha contribuido a tener un estado m\u00e1s seguro en todos los \u00e1mbitos.<\/p>\n\n\n\n<p>Ante los pron\u00f3sticos de que el presente a\u00f1o ser\u00e1 de baja precipitaci\u00f3n pluvial, D\u00edaz Loeza se sum\u00f3 al llamado de la titular de la SGG. Tambi\u00e9n hizo hincapi\u00e9 en la participaci\u00f3n de la sociedad civil para llevar a cabo el operativo estatal para la planeaci\u00f3n, coordinaci\u00f3n y ejecuci\u00f3n de acciones permanentes, relacionadas con la prevenci\u00f3n y combate de incendios agropecuarios y forestales.<\/p>\n\n\n\n<p>\u00abSabemos que, si estamos todos en plena coordinaci\u00f3n, las cosas nos van a salir mucho mejor porque la prioridad de este Gobierno es el esfuerzo de cada uno de nosotros, a fin que Yucat\u00e1n pueda seguir trabajando con tranquilidad y avanzar en el desarrollo para llevar mayor bienestar a los productores y a la sociedad\u00bb, destac\u00f3.<\/p>\n\n\n\n<p>En su turno, Alcocer Basto subray\u00f3 que Procivy ha realizado 900 pl\u00e1ticas preventivas en 11 sedes, tanto en M\u00e9rida como en el interior del estado; asimismo, resalt\u00f3 el compromiso con cada uno de las y los presidentes municipales e integrantes del Comit\u00e9, para que se cumpla con el objetivo y, de esta manera, salvaguardar la vida y el patrimonio de las personas.<\/p>\n\n\n\n<p>El director de Siniestros y Rescate de la Secretar\u00eda de Seguridad P\u00fablica (SSP), Santiago Massa Ramos, reconoci\u00f3 que una sola instituci\u00f3n u organizaci\u00f3n no puede hacerse cargo en combatir un incidente, por lo que subray\u00f3 la necesidad de la suma de recursos y de la voluntad para obtener una respuesta eficiente.<\/p>\n\n\n\n<p>Ante alcaldesas, alcaldes y personal de Protecci\u00f3n Civil de las 106 demarcaciones, llam\u00f3 a la participaci\u00f3n veraz de los municipios, porque permite tomar las mejores decisiones desde el seno operativo, dado que las exceptivas para este a\u00f1o no son m\u00e1s favorables que las de los anteriores.<\/p>\n\n\n\n<p>El jefe del Centro Regional de Manejo de Fuego del Sureste de la Comisi\u00f3n Nacional Forestal (Conafor), P\u00e1nfilo Fern\u00e1ndez Flores, expuso la implementaci\u00f3n del programa en la materia, as\u00ed como la importancia de la coordinaci\u00f3n interinstitucional.<\/p>\n\n\n\n<p>Adem\u00e1s de dar a conocer las estrategias para la prevenci\u00f3n y combate de incendios agropecuarios y forestales, Carlos Gonz\u00e1lez Barrios, suplente legal de la Conafor en Yucat\u00e1n, se\u00f1al\u00f3 que se reforzar\u00e1 esta labor con nuevas brigadas de 10 elementos, en Kinchil, Ticul, Oxkutzcab, Chemax, Yoba\u00edn y Colonia Yucat\u00e1n, en Tizim\u00edn.<\/p>\n\n\n\n<p>En este 2020, se contar\u00e1 con 120 brigadistas de Procivy estrat\u00e9gicamente distribuidos en M\u00e9rida, Tekax, Tizim\u00edn, Valladolid e Izamal, adem\u00e1s de los 16 destacamentos en el territorio. Por su parte, la SSP tiene 15 estaciones permanentes en M\u00e9rida, 13 en el interior del estado, 28 carrotanques, 14 carrobombas, 11 camionetas de ataque, 245 combatientes y, este a\u00f1o, se tendr\u00e1 un helic\u00f3ptero que permitir\u00e1 hacer sobrevuelos.<\/p>\n\n\n\n<p>Durante el desarrollo de la sesi\u00f3n, se inform\u00f3 que los meses de marzo y abril de 2019 fueron los que presentaron mayor afectaci\u00f3n de incendios forestales, mientras que, ya fuera de temporada, en agosto, se combati\u00f3 el fuego en Celest\u00fan. De acuerdo con este comportamiento, el calendario de quemas abarcar\u00e1 del 1 de marzo al 31 de mayo.<\/p>\n\n\n\n<p>En este sentido, se dividi\u00f3 a la entidad en tres zonas, seg\u00fan las actividades que en ellas se realizan: la primera, de milpa tradicional, abarca 30 municipios; la segunda, ganadera y henequenera, 63, y, por \u00faltimo, la agr\u00edcola y citr\u00edcola, con 13.<\/p>\n\n\n\n<figure class=\"wp-block-image size-large\"><img loading=\"lazy\" decoding=\"async\" width=\"800\" height=\"533\" src=\"http:\/\/vertienteglobal.com\/wp-content\/uploads\/2020\/02\/2498_1_843.jpg\" alt=\"\" class=\"wp-image-149409\" srcset=\"http:\/\/vertienteglobal.com\/wp-content\/uploads\/2020\/02\/2498_1_843.jpg 800w, http:\/\/vertienteglobal.com\/wp-content\/uploads\/2020\/02\/2498_1_843-300x200.jpg 300w, http:\/\/vertienteglobal.com\/wp-content\/uploads\/2020\/02\/2498_1_843-150x100.jpg 150w, http:\/\/vertienteglobal.com\/wp-content\/uploads\/2020\/02\/2498_1_843-768x512.jpg 768w\" sizes=\"auto, (max-width: 800px) 100vw, 800px\" \/><\/figure>\n","protected":false},"excerpt":{"rendered":"<p>(Redacci\u00f3n) Se instala el Comit\u00e9 Estatal de Prevenci\u00f3n y Combate de Incendios Agropecuarios y Forestales de Yucat\u00e1n 2020 M\u00e9rida, Yucat\u00e1n, 27 de febrero de 2020.- Con el llamado a la sociedad en su conjunto a sumar esfuerzos con las autoridades en las tareas de prevenci\u00f3n y concientizaci\u00f3n del manejo responsable del fuego, prioridad del mandatario [&hellip;]<\/p>\n","protected":false},"author":1,"featured_media":149408,"comment_status":"open","ping_status":"open","sticky":false,"template":"","format":"standard","meta":{"footnotes":""},"categories":[2],"tags":[],"class_list":["post-149406","post","type-post","status-publish","format-standard","has-post-thumbnail","hentry","category-yucatan","entry","has-media"],"jetpack_featured_media_url":"http:\/\/vertienteglobal.com\/wp-content\/uploads\/2020\/02\/2498_3_530.jpg","_links":{"self":[{"href":"http:\/\/vertienteglobal.com\/index.php?rest_route=\/wp\/v2\/posts\/149406","targetHints":{"allow":["GET"]}}],"collection":[{"href":"http:\/\/vertienteglobal.com\/index.php?rest_route=\/wp\/v2\/posts"}],"about":[{"href":"http:\/\/vertienteglobal.com\/index.php?rest_route=\/wp\/v2\/types\/post"}],"author":[{"embeddable":true,"href":"http:\/\/vertienteglobal.com\/index.php?rest_route=\/wp\/v2\/users\/1"}],"replies":[{"embeddable":true,"href":"http:\/\/vertienteglobal.com\/index.php?rest_route=%2Fwp%2Fv2%2Fcomments&post=149406"}],"version-history":[{"count":0,"href":"http:\/\/vertienteglobal.com\/index.php?rest_route=\/wp\/v2\/posts\/149406\/revisions"}],"wp:featuredmedia":[{"embeddable":true,"href":"http:\/\/vertienteglobal.com\/index.php?rest_route=\/wp\/v2\/media\/149408"}],"wp:attachment":[{"href":"http:\/\/vertienteglobal.com\/index.php?rest_route=%2Fwp%2Fv2%2Fmedia&parent=149406"}],"wp:term":[{"taxonomy":"category","embeddable":true,"href":"http:\/\/vertienteglobal.com\/index.php?rest_route=%2Fwp%2Fv2%2Fcategories&post=149406"},{"taxonomy":"post_tag","embeddable":true,"href":"http:\/\/vertienteglobal.com\/index.php?rest_route=%2Fwp%2Fv2%2Ftags&post=149406"}],"curies":[{"name":"wp","href":"https:\/\/api.w.org\/{rel}","templated":true}]}}