{"id":148952,"date":"2020-02-24T13:26:00","date_gmt":"2020-02-24T19:26:00","guid":{"rendered":"http:\/\/vertienteglobal.com\/?p=148952"},"modified":"2020-02-24T14:46:45","modified_gmt":"2020-02-24T20:46:45","slug":"el-28-de-febrero-regresara-amlo-a-tabasco-adan-augusto","status":"publish","type":"post","link":"http:\/\/vertienteglobal.com\/?p=148952","title":{"rendered":"El 28 de febrero regresar\u00e1 AMLO a Tabasco: Adan Augusto"},"content":{"rendered":"\n<div class=\"twitterbutton\" style=\"float: right; padding-left: 5px;\"><a href=\"http:\/\/twitter.com\/share\" class=\"twitter-share-button\" data-count=\"horizontal\" data-text=\"El 28 de febrero regresar\u00e1 AMLO a Tabasco: Adan Augusto\" data-via=\"https:\/\/twitter.com\/VertienteGloba1\" data-url=\"http:\/\/vertienteglobal.com\/?p=148952\" data-lang=\"es\" data-related=\"Informaci\u00f3n general:S\u00edguenos para que est\u00e9ss informado\"><\/a><\/div>\n<figure class=\"wp-block-image size-large\"><img loading=\"lazy\" decoding=\"async\" width=\"1024\" height=\"576\" src=\"http:\/\/vertienteglobal.com\/wp-content\/uploads\/2020\/02\/IMG_20200224_135634-1024x576.jpg\" alt=\"\" class=\"wp-image-148953\" srcset=\"http:\/\/vertienteglobal.com\/wp-content\/uploads\/2020\/02\/IMG_20200224_135634-1024x576.jpg 1024w, http:\/\/vertienteglobal.com\/wp-content\/uploads\/2020\/02\/IMG_20200224_135634-300x169.jpg 300w, http:\/\/vertienteglobal.com\/wp-content\/uploads\/2020\/02\/IMG_20200224_135634-150x84.jpg 150w, http:\/\/vertienteglobal.com\/wp-content\/uploads\/2020\/02\/IMG_20200224_135634-768x432.jpg 768w, http:\/\/vertienteglobal.com\/wp-content\/uploads\/2020\/02\/IMG_20200224_135634.jpg 1280w\" sizes=\"auto, (max-width: 1024px) 100vw, 1024px\" \/><\/figure>\n\n\n\n<p>(Redacci\u00f3n)<\/p>\n\n\n\n<p>No habr\u00e1 represalias contra las bur\u00f3cratas que decidan unirse al paro del 9 de marzo, informo el gobernador<\/p>\n\n\n\n<p>Informo que Jos\u00e9 Estrada Garrido, es el nuevo presidente del Comit\u00e9 Ciudadano de Feria; arrancar\u00eda el 29 de abril<\/p>\n\n\n\n<p>Villahermosa, Tabasco a 24 de Febrero de 2020.- El gobernador de Tabasco, Ad\u00e1n Augusto L\u00f3pez Hern\u00e1ndez, inform\u00f3 que el presidente Andr\u00e9s Manuel L\u00f3pez Obrador estar\u00e1 en Tabasco los d\u00edas 28 y 29 de febrero y 1 de marzo, como parte de su gira acudir\u00e1 a Tamult\u00e9 de las Sabanas.<\/p>\n\n\n\n<p>Y es que entrevistado por diversos medios de comunicacion, Lopez Hernandez, se\u00f1alo que en su m\u00e1s reciente visita al Puerto de Frontera, hizo una breve parada en la zona ind\u00edgena, donde prometi\u00f3 a los habitantes volver y escuchar sus demandas, principalmente quejas contra la Comisi\u00f3n Federal de Electricidad (CFE).<\/p>\n\n\n\n<p>El mandatario estatal, sostuvo que al d\u00eda siguiente L\u00f3pez Obrador acudir\u00e1 a Nacajuca y terminar\u00e1 el 1 de marzo en San Carlos, Macuspana, por lo que llam\u00f3 a la ciudadan\u00eda a acompa\u00f1arlo en sus eventos.<\/p>\n\n\n\n<p>Por otra parte, el Jefe del Ejecutivo, dio a conocer este d\u00eda que Jos\u00e9 Estrada Garrido es el nuevo presidente del Comit\u00e9 Ciudadano de Feria, pues as\u00ed lo decidieron los integrantes del mismo.<\/p>\n\n\n\n<p>Lopez Hernandez, revelo que el empresario tabasque\u00f1o ya formaba parte del comit\u00e9; hasta el momento no se ha integrado ning\u00fan elemento m\u00e1s.<\/p>\n\n\n\n<p>Declar\u00f3 que el inicio de la Feria Tabasco 2020 ser\u00eda el 29 de abril, \u00abla propuesta es que inicie el 29 de abril, as\u00ed aprovechar el 30 de abril que es D\u00eda del Ni\u00f1o y haya festejos al interior del parque\u00bb.<\/p>\n\n\n\n<p>Adelant\u00f3 que en pr\u00f3ximos d\u00edas el Comit\u00e9 de Feria presentar\u00e1 el plan de trabajo de manera detallada.<\/p>\n\n\n\n<p>Por otro lado, el mandatario estatal, dejo en claro que las mujeres que trabajan en el gobierno del estado podr\u00e1n unirse al paro convocado para el 9 de marzo #UnD\u00edaSinNosotras, sin que se tomen represalias en su contra.<\/p>\n\n\n\n<p>L\u00f3pez Hern\u00e1ndez, asegur\u00f3 que se est\u00e1 revisando con la Secretaria de Administraci\u00f3n que no se hagan descuentos a las mujeres que decidan faltar ese d\u00eda.<\/p>\n\n\n\n<p>Destac\u00f3 que si la mayor preocupaci\u00f3n sigue siendo terminar con los feminicidios, las estad\u00edsticas arrojan que el delito se redujo en el \u00faltimo a\u00f1o.<\/p>\n\n\n\n<p>Por ultimo agreg\u00f3 que el programa para rescatar los valores a nivel estatal es un esfuerzo que pretende eliminar la violencia, incluida la de g\u00e9nero.<\/p>\n","protected":false},"excerpt":{"rendered":"<p>(Redacci\u00f3n) No habr\u00e1 represalias contra las bur\u00f3cratas que decidan unirse al paro del 9 de marzo, informo el gobernador Informo que Jos\u00e9 Estrada Garrido, es el nuevo presidente del Comit\u00e9 Ciudadano de Feria; arrancar\u00eda el 29 de abril Villahermosa, Tabasco a 24 de Febrero de 2020.- El gobernador de Tabasco, Ad\u00e1n Augusto L\u00f3pez Hern\u00e1ndez, inform\u00f3 [&hellip;]<\/p>\n","protected":false},"author":1,"featured_media":148953,"comment_status":"open","ping_status":"open","sticky":false,"template":"","format":"standard","meta":{"footnotes":""},"categories":[5],"tags":[],"class_list":["post-148952","post","type-post","status-publish","format-standard","has-post-thumbnail","hentry","category-tabasco","entry","has-media"],"jetpack_featured_media_url":"http:\/\/vertienteglobal.com\/wp-content\/uploads\/2020\/02\/IMG_20200224_135634.jpg","_links":{"self":[{"href":"http:\/\/vertienteglobal.com\/index.php?rest_route=\/wp\/v2\/posts\/148952","targetHints":{"allow":["GET"]}}],"collection":[{"href":"http:\/\/vertienteglobal.com\/index.php?rest_route=\/wp\/v2\/posts"}],"about":[{"href":"http:\/\/vertienteglobal.com\/index.php?rest_route=\/wp\/v2\/types\/post"}],"author":[{"embeddable":true,"href":"http:\/\/vertienteglobal.com\/index.php?rest_route=\/wp\/v2\/users\/1"}],"replies":[{"embeddable":true,"href":"http:\/\/vertienteglobal.com\/index.php?rest_route=%2Fwp%2Fv2%2Fcomments&post=148952"}],"version-history":[{"count":0,"href":"http:\/\/vertienteglobal.com\/index.php?rest_route=\/wp\/v2\/posts\/148952\/revisions"}],"wp:featuredmedia":[{"embeddable":true,"href":"http:\/\/vertienteglobal.com\/index.php?rest_route=\/wp\/v2\/media\/148953"}],"wp:attachment":[{"href":"http:\/\/vertienteglobal.com\/index.php?rest_route=%2Fwp%2Fv2%2Fmedia&parent=148952"}],"wp:term":[{"taxonomy":"category","embeddable":true,"href":"http:\/\/vertienteglobal.com\/index.php?rest_route=%2Fwp%2Fv2%2Fcategories&post=148952"},{"taxonomy":"post_tag","embeddable":true,"href":"http:\/\/vertienteglobal.com\/index.php?rest_route=%2Fwp%2Fv2%2Ftags&post=148952"}],"curies":[{"name":"wp","href":"https:\/\/api.w.org\/{rel}","templated":true}]}}