{"id":148693,"date":"2020-02-22T07:24:00","date_gmt":"2020-02-22T13:24:00","guid":{"rendered":"http:\/\/vertienteglobal.com\/?p=148693"},"modified":"2020-02-22T15:05:29","modified_gmt":"2020-02-22T21:05:29","slug":"cantan-los-jarochos-con-gloria-trevi-en-su-concierto-la-diosa-de-la-noche","status":"publish","type":"post","link":"http:\/\/vertienteglobal.com\/?p=148693","title":{"rendered":"Cantan los jarochos con Gloria Trevi en su concierto La Diosa de la Noche"},"content":{"rendered":"\n<div class=\"twitterbutton\" style=\"float: right; padding-left: 5px;\"><a href=\"http:\/\/twitter.com\/share\" class=\"twitter-share-button\" data-count=\"horizontal\" data-text=\"Cantan los jarochos con Gloria Trevi en su concierto La Diosa de la Noche\" data-via=\"https:\/\/twitter.com\/VertienteGloba1\" data-url=\"http:\/\/vertienteglobal.com\/?p=148693\" data-lang=\"es\" data-related=\"Informaci\u00f3n general:S\u00edguenos para que est\u00e9ss informado\"><\/a><\/div>\n<figure class=\"wp-block-image size-large\"><img loading=\"lazy\" decoding=\"async\" width=\"1024\" height=\"683\" src=\"http:\/\/vertienteglobal.com\/wp-content\/uploads\/2020\/02\/1086131.jpg\" alt=\"\" class=\"wp-image-148694\" srcset=\"http:\/\/vertienteglobal.com\/wp-content\/uploads\/2020\/02\/1086131.jpg 1024w, http:\/\/vertienteglobal.com\/wp-content\/uploads\/2020\/02\/1086131-300x200.jpg 300w, http:\/\/vertienteglobal.com\/wp-content\/uploads\/2020\/02\/1086131-150x100.jpg 150w, http:\/\/vertienteglobal.com\/wp-content\/uploads\/2020\/02\/1086131-768x512.jpg 768w\" sizes=\"auto, (max-width: 1024px) 100vw, 1024px\" \/><\/figure>\n\n\n\n<p>(Redacci\u00f3n)<\/p>\n\n\n\n<p>Pide Gloria Trevi en concierto de Veracruz que los hijos no hagan bullying a los dem\u00e1s<\/p>\n\n\n\n<p>Veracruz, Veracruz a 22 febrero de 2020.- A las 10:00 en punto de la noche  Gloria Trevi, abri\u00f3 el concierto desde el auditorio del puerto jarocho al salir, la gente cantaba con ella sus \u00e9xitos. <\/p>\n\n\n\n<p>Y es que entre tema y tema, la regiomontana hizo un an\u00e1lisis de la realidad que viven las mujeres en en pa\u00eds. <\/p>\n\n\n\n<p>Por ello, al referirse al ni\u00f1o que quiso quitarse la vida por el bullying que le hac\u00edan sus compa\u00f1eros seg\u00fan se difundi\u00f3 en un video viral, Gloria Trevi pidi\u00f3 a los padres que no dejen a los hijos hacer bullying. <\/p>\n\n\n\n<p>El concierto abri\u00f3 con sus canciones m\u00e1s recientes, d\u00f3nde el auditorio enloqueci\u00f3 cuando se escucharon estos temas de los 90\u2019s. <\/p>\n\n\n\n<p>Asimismo, entre las autoridades que asistieron al concierto se encontraba el alcalde Fernando Yunes M\u00e1rquez, los diputados panistas Maryjose Gamboa, Juan Manuel de Unanue y Sergio Hern\u00e1ndez.<\/p>\n\n\n\n<p>Mientras que en primera fila la Corte Real presenci\u00f3 el concierto junto a exreinas. <\/p>\n\n\n\n<p>Al t\u00e9rmino fue el Doctor psiquiatra que prendi\u00f3 el auditorio cuando se obscureci\u00f3 y parec\u00eda que todo hab\u00eda terminado, sin embargo ante los gritos de la gente para pedir otra rola, la Trevi regres\u00f3 y cerr\u00f3 con broche de oro.<\/p>\n\n\n\n<p>Cabe destacar que entes de que Gloria Trevi saliera al escenario, Berenice Galy se encarg\u00f3 de abrir el concierto.<\/p>\n","protected":false},"excerpt":{"rendered":"<p>(Redacci\u00f3n) Pide Gloria Trevi en concierto de Veracruz que los hijos no hagan bullying a los dem\u00e1s Veracruz, Veracruz a 22 febrero de 2020.- A las 10:00 en punto de la noche Gloria Trevi, abri\u00f3 el concierto desde el auditorio del puerto jarocho al salir, la gente cantaba con ella sus \u00e9xitos. Y es que [&hellip;]<\/p>\n","protected":false},"author":1,"featured_media":148694,"comment_status":"open","ping_status":"open","sticky":false,"template":"","format":"standard","meta":{"footnotes":""},"categories":[10,7],"tags":[],"class_list":["post-148693","post","type-post","status-publish","format-standard","has-post-thumbnail","hentry","category-espectaculos","category-veracruz","entry","has-media"],"jetpack_featured_media_url":"http:\/\/vertienteglobal.com\/wp-content\/uploads\/2020\/02\/1086131.jpg","_links":{"self":[{"href":"http:\/\/vertienteglobal.com\/index.php?rest_route=\/wp\/v2\/posts\/148693","targetHints":{"allow":["GET"]}}],"collection":[{"href":"http:\/\/vertienteglobal.com\/index.php?rest_route=\/wp\/v2\/posts"}],"about":[{"href":"http:\/\/vertienteglobal.com\/index.php?rest_route=\/wp\/v2\/types\/post"}],"author":[{"embeddable":true,"href":"http:\/\/vertienteglobal.com\/index.php?rest_route=\/wp\/v2\/users\/1"}],"replies":[{"embeddable":true,"href":"http:\/\/vertienteglobal.com\/index.php?rest_route=%2Fwp%2Fv2%2Fcomments&post=148693"}],"version-history":[{"count":0,"href":"http:\/\/vertienteglobal.com\/index.php?rest_route=\/wp\/v2\/posts\/148693\/revisions"}],"wp:featuredmedia":[{"embeddable":true,"href":"http:\/\/vertienteglobal.com\/index.php?rest_route=\/wp\/v2\/media\/148694"}],"wp:attachment":[{"href":"http:\/\/vertienteglobal.com\/index.php?rest_route=%2Fwp%2Fv2%2Fmedia&parent=148693"}],"wp:term":[{"taxonomy":"category","embeddable":true,"href":"http:\/\/vertienteglobal.com\/index.php?rest_route=%2Fwp%2Fv2%2Fcategories&post=148693"},{"taxonomy":"post_tag","embeddable":true,"href":"http:\/\/vertienteglobal.com\/index.php?rest_route=%2Fwp%2Fv2%2Ftags&post=148693"}],"curies":[{"name":"wp","href":"https:\/\/api.w.org\/{rel}","templated":true}]}}