{"id":148638,"date":"2020-02-21T17:46:00","date_gmt":"2020-02-21T23:46:00","guid":{"rendered":"http:\/\/vertienteglobal.com\/?p=148638"},"modified":"2020-02-21T19:47:31","modified_gmt":"2020-02-22T01:47:31","slug":"abona-adan-augusto-a-la-construccion-de-un-mejor-pais","status":"publish","type":"post","link":"http:\/\/vertienteglobal.com\/?p=148638","title":{"rendered":"Abona Ad\u00e1n Augusto a la construcci\u00f3n de un mejor pa\u00eds"},"content":{"rendered":"\n<div class=\"twitterbutton\" style=\"float: right; padding-left: 5px;\"><a href=\"http:\/\/twitter.com\/share\" class=\"twitter-share-button\" data-count=\"horizontal\" data-text=\"Abona Ad\u00e1n Augusto a la construcci\u00f3n de un mejor pa\u00eds\" data-via=\"https:\/\/twitter.com\/VertienteGloba1\" data-url=\"http:\/\/vertienteglobal.com\/?p=148638\" data-lang=\"es\" data-related=\"Informaci\u00f3n general:S\u00edguenos para que est\u00e9ss informado\"><\/a><\/div>\n<figure class=\"wp-block-image size-large\"><img loading=\"lazy\" decoding=\"async\" width=\"1024\" height=\"682\" src=\"http:\/\/vertienteglobal.com\/wp-content\/uploads\/2020\/02\/IMG_20200221_193209.jpg\" alt=\"\" class=\"wp-image-148640\" srcset=\"http:\/\/vertienteglobal.com\/wp-content\/uploads\/2020\/02\/IMG_20200221_193209.jpg 1024w, http:\/\/vertienteglobal.com\/wp-content\/uploads\/2020\/02\/IMG_20200221_193209-300x200.jpg 300w, http:\/\/vertienteglobal.com\/wp-content\/uploads\/2020\/02\/IMG_20200221_193209-150x100.jpg 150w, http:\/\/vertienteglobal.com\/wp-content\/uploads\/2020\/02\/IMG_20200221_193209-768x512.jpg 768w\" sizes=\"auto, (max-width: 1024px) 100vw, 1024px\" \/><\/figure>\n\n\n\n<p>(Redacci\u00f3n)<\/p>\n\n\n\n<p>*El mandatario estatal acompa\u00f1\u00f3 al Presidente de la Rep\u00fablica en los trabajos de la LVII Reuni\u00f3n Plenaria de la Conferencia Nacional de Gobernadores.<\/p>\n\n\n\n<p>*Particip\u00f3 en los trabajos relacionados con la seguridad p\u00fablica nacional, la distribuci\u00f3n de los fondos de infraestructura y la alianza de mandatarios para enfrentar el cambio clim\u00e1tico.<\/p>\n\n\n\n<p>Baja California Sur, 21 de Febrero 2020.- En la construcci\u00f3n de un mejor pa\u00eds y el di\u00e1logo permanente entre todas las entidades federativas, el gobernador Ad\u00e1n Augusto L\u00f3pez Hern\u00e1ndez, acompa\u00f1\u00f3 aqu\u00ed,  al Presidente de la Rep\u00fablica, Andr\u00e9s Manuel L\u00f3pez Obrador, en los trabajos de la LVII Reuni\u00f3n Plenaria de la Conferencia Nacional de Gobernadores (Conago).<\/p>\n\n\n\n<p>Junto a sus hom\u00f3logos del pa\u00eds, Ad\u00e1n Augusto L\u00f3pez particip\u00f3 en los trabajos relacionados con la seguridad p\u00fablica nacional, la distribuci\u00f3n de los fondos de infraestructura y la alianza de gobernadores por el clima, para enfrentar de manera coordinada el cambio clim\u00e1tico.<\/p>\n\n\n\n<p>En este marco, tambi\u00e9n atestigu\u00f3 la toma de protesta de Carlos Mendoza Davis, gobernador de Baja California Sur, como nuevo presidente de la Conago, tras el t\u00e9rmino de la gesti\u00f3n de su similar de Quer\u00e9taro, Francisco Dom\u00ednguez Servi\u00e9n.<\/p>\n\n\n\n<p>Previo a la plenaria,  el gobernador de Tabasco  integr\u00f3 la reuni\u00f3n del gabinete de seguridad que encabez\u00f3 el Presidente de M\u00e9xico y en la que estuvieron presentes Alfonso Durazo Monta\u00f1o, secretario de Seguridad y Protecci\u00f3n Ciudadana; Luis Cresencio Sandoval Gonz\u00e1lez, secretario de la Defensa Nacional y Luis Rodr\u00edguez Bucio, comandante de la Guardia Nacional.<\/p>\n\n\n\n<p>Carlos Mendoza Davis solicit\u00f3 al Ejecutivo Federal una reuni\u00f3n especial inmediata con gobernadores y fiscales estatales de todas las entidades, para atender con prontitud la violencia contra las mujeres en el pa\u00eds.<\/p>\n\n\n\n<p>Propuso homologar a nivel nacional el delito de feminicidio, as\u00ed como atender las demandas de colectivos y organizaciones feministas, para que cesen los asesinatos y las violaciones contra mujeres.<\/p>\n\n\n\n<p>En su intervenci\u00f3n, el Presidente de la Rep\u00fablica, Andr\u00e9s Manuel L\u00f3pez Obrador, recogi\u00f3 la solicitud planteada  por el presidente de la Conago,  con el exhorto a mantener el pacto para desaterrar la corrupci\u00f3n en M\u00e9xico, principal generador de desigualdad y pobreza.<\/p>\n\n\n\n<p>\u201cNo debemos de olvidarnos que el principal problema de M\u00e9xico es la corrupci\u00f3n, es el c\u00e1ncer\u201d, apunt\u00f3 L\u00f3pez Obrador frente a los gobernadores.<\/p>\n\n\n\n<p>El Presidente sostuvo que nada da\u00f1\u00f3 m\u00e1s a M\u00e9xico en los \u00faltimos a\u00f1os que la deshonestidad de los gobernantes, causa de la  inseguridad, desigualdad, pobreza y marginaci\u00f3n.<\/p>\n\n\n\n<p>Destac\u00f3 que la alianza entre los estados, municipios, Poder Legislativo y Poder Judicial, es importante para lograr la paz y no darle ninguna oportunidad a la delincuencia; as\u00ed como para impedir, sancionar y castigar toda violencia contra las mujeres, principalmente el feminicidio.<\/p>\n\n\n\n<p>\u201cTodos los d\u00edas nos dedicamos a trabajar para conseguir la paz en el pa\u00eds, y vamos a seguir trabajando de manera conjunta para que podamos vivir en paz\u201d, subray\u00f3.<\/p>\n\n\n\n<p>Andr\u00e9s Manuel L\u00f3pez Obrador indic\u00f3 que la nueva concepci\u00f3n del Gobierno Federal no es enfrentar el mal con el mal, sino enfrentar el mal con el bien,   a trav\u00e9s de los programas de Bienestar que hoy representan 11 millones de estudiantes con becas; 900 mil j\u00f3venes de \u201cConstruyendo el Futuro\u201d y pensiones para adultos mayores, y ni\u00f1as y ni\u00f1os con discapacidad.<\/p>\n\n\n\n<p>\u00abTengo confianza que se va a reducir la incidencia delictiva,  porque se est\u00e1n atendiendo las causas que provocan la violencia, entre ellas, un mayor crecimiento econ\u00f3mico, condiciones y oportunidades para el empleo y el bienestar de la gente\u00bb, dijo.<\/p>\n\n\n\n<p>A la par, inform\u00f3 que gracias al trabajo coordinado con los gobernadores y las recientes reformas, hoy la Guardia Nacional cuenta con 76 mil elementos y 69 cuarteles distribuidos en todos los estados.<\/p>\n\n\n\n<p>Adelant\u00f3 que el objetivo para 2022, es consolidar 266 coordinaciones territoriales y contar con m\u00e1s de 156 mil elementos de la Guardia Nacional.<\/p>\n","protected":false},"excerpt":{"rendered":"<p>(Redacci\u00f3n) *El mandatario estatal acompa\u00f1\u00f3 al Presidente de la Rep\u00fablica en los trabajos de la LVII Reuni\u00f3n Plenaria de la Conferencia Nacional de Gobernadores. *Particip\u00f3 en los trabajos relacionados con la seguridad p\u00fablica nacional, la distribuci\u00f3n de los fondos de infraestructura y la alianza de mandatarios para enfrentar el cambio clim\u00e1tico. Baja California Sur, 21 [&hellip;]<\/p>\n","protected":false},"author":1,"featured_media":148640,"comment_status":"open","ping_status":"open","sticky":false,"template":"","format":"standard","meta":{"footnotes":""},"categories":[8,5],"tags":[],"class_list":["post-148638","post","type-post","status-publish","format-standard","has-post-thumbnail","hentry","category-pais","category-tabasco","entry","has-media"],"jetpack_featured_media_url":"http:\/\/vertienteglobal.com\/wp-content\/uploads\/2020\/02\/IMG_20200221_193209.jpg","_links":{"self":[{"href":"http:\/\/vertienteglobal.com\/index.php?rest_route=\/wp\/v2\/posts\/148638","targetHints":{"allow":["GET"]}}],"collection":[{"href":"http:\/\/vertienteglobal.com\/index.php?rest_route=\/wp\/v2\/posts"}],"about":[{"href":"http:\/\/vertienteglobal.com\/index.php?rest_route=\/wp\/v2\/types\/post"}],"author":[{"embeddable":true,"href":"http:\/\/vertienteglobal.com\/index.php?rest_route=\/wp\/v2\/users\/1"}],"replies":[{"embeddable":true,"href":"http:\/\/vertienteglobal.com\/index.php?rest_route=%2Fwp%2Fv2%2Fcomments&post=148638"}],"version-history":[{"count":0,"href":"http:\/\/vertienteglobal.com\/index.php?rest_route=\/wp\/v2\/posts\/148638\/revisions"}],"wp:featuredmedia":[{"embeddable":true,"href":"http:\/\/vertienteglobal.com\/index.php?rest_route=\/wp\/v2\/media\/148640"}],"wp:attachment":[{"href":"http:\/\/vertienteglobal.com\/index.php?rest_route=%2Fwp%2Fv2%2Fmedia&parent=148638"}],"wp:term":[{"taxonomy":"category","embeddable":true,"href":"http:\/\/vertienteglobal.com\/index.php?rest_route=%2Fwp%2Fv2%2Fcategories&post=148638"},{"taxonomy":"post_tag","embeddable":true,"href":"http:\/\/vertienteglobal.com\/index.php?rest_route=%2Fwp%2Fv2%2Ftags&post=148638"}],"curies":[{"name":"wp","href":"https:\/\/api.w.org\/{rel}","templated":true}]}}