{"id":148160,"date":"2020-02-16T15:25:00","date_gmt":"2020-02-16T21:25:00","guid":{"rendered":"http:\/\/vertienteglobal.com\/?p=148160"},"modified":"2020-02-16T20:32:28","modified_gmt":"2020-02-17T02:32:28","slug":"carlos-joaquin-impulsa-actividades-para-fortalecer-la-economia-y-la-convivencia-social-en-el-sur","status":"publish","type":"post","link":"http:\/\/vertienteglobal.com\/?p=148160","title":{"rendered":"Carlos Joaqu\u00edn impulsa actividades para fortalecer la econom\u00eda y la convivencia social en el sur"},"content":{"rendered":"\n<div class=\"twitterbutton\" style=\"float: right; padding-left: 5px;\"><a href=\"http:\/\/twitter.com\/share\" class=\"twitter-share-button\" data-count=\"horizontal\" data-text=\"Carlos Joaqu\u00edn impulsa actividades para fortalecer la econom\u00eda y la convivenci...\" data-via=\"https:\/\/twitter.com\/VertienteGloba1\" data-url=\"http:\/\/vertienteglobal.com\/?p=148160\" data-lang=\"es\" data-related=\"Informaci\u00f3n general:S\u00edguenos para que est\u00e9ss informado\"><\/a><\/div>\n<figure class=\"wp-block-image size-large\"><img loading=\"lazy\" decoding=\"async\" width=\"1024\" height=\"679\" src=\"http:\/\/vertienteglobal.com\/wp-content\/uploads\/2020\/02\/IMG_20200216_212809-1024x679.jpg\" alt=\"\" class=\"wp-image-148162\" srcset=\"http:\/\/vertienteglobal.com\/wp-content\/uploads\/2020\/02\/IMG_20200216_212809-1024x679.jpg 1024w, http:\/\/vertienteglobal.com\/wp-content\/uploads\/2020\/02\/IMG_20200216_212809-300x199.jpg 300w, http:\/\/vertienteglobal.com\/wp-content\/uploads\/2020\/02\/IMG_20200216_212809-150x99.jpg 150w, http:\/\/vertienteglobal.com\/wp-content\/uploads\/2020\/02\/IMG_20200216_212809-768x509.jpg 768w, http:\/\/vertienteglobal.com\/wp-content\/uploads\/2020\/02\/IMG_20200216_212809.jpg 1280w\" sizes=\"auto, (max-width: 1024px) 100vw, 1024px\" \/><\/figure>\n\n\n\n<p>(Redacci\u00f3n)<\/p>\n\n\n\n<p>El carnaval de 2020 y la temporada vacacional de Semana Santa generar\u00e1n incremento en la ocupaci\u00f3n hotelera<\/p>\n\n\n\n<p>Las familias chetumale\u00f1as tendr\u00e1n la oportunidad de presenciar el espect\u00e1culo de Danna Paola y bailar al ritmo de Junior Klan<\/p>\n\n\n\n<p>Chetumal, Quintana Roo, a 16 de Febrero de 2020.- Para que la capital del estado recobre su esplendor, el gobernador Carlos Joaqu\u00edn fortalece la promoci\u00f3n tur\u00edstica e impulsa actividades que contribuyen al fortalecimiento de la convivencia social, como son las fiestas del carnaval que este a\u00f1o inician el 19 de febrero y concluyen el d\u00eda 26.<\/p>\n\n\n\n<p>El carnaval de Chetumal de este a\u00f1o, con el apoyo del Gobierno del Estado, tiene atractivos art\u00edsticos como el espect\u00e1culo musical de Danna Paola con \u201cMala Fama Tour,\u201d el d\u00eda 19, y la presencia de Junior Klan el viernes 21.<\/p>\n\n\n\n<p>Los empresarios hoteleros tienen fijadas sus metas en este carnaval y en el per\u00edodo vacacional de Semana Santa, con los que esperan superar el 40 por ciento de ocupaci\u00f3n que se registr\u00f3 en el sur durante el primer fin de semana largo del a\u00f1o.<\/p>\n\n\n\n<p>De acuerdo con la presidenta de la Asociaci\u00f3n de Hoteles del Sur de Quintana Roo Deborah Angulo Villanueva, la oferta hotelera actual es de cuatro mil 700 habitaciones en Chetumal, Bacalar y Mahahual.<\/p>\n\n\n\n<p>El gobernador Carlos Joaqu\u00edn trabaja para impulsar el crecimiento econ\u00f3mico del sur, con la diversificaci\u00f3n de los productos tur\u00edsticos como el proyecto de desarrollo sustentable Maya ka\u2019an, que comprende los municipios de Felipe Carrillo Puerto, Jos\u00e9 Mar\u00eda Morelos y Tulum.<\/p>\n\n\n\n<p>Asimismo, con la gesti\u00f3n de Carlos Joaqu\u00edn, la capital del estado ha sido escenario de diferentes eventos de talla nacional e internacional que han favorecido la ocupaci\u00f3n hotelera y la generaci\u00f3n de m\u00e1s empleos para quienes viven en el sur.<\/p>\n\n\n\n<p>Angulo Villanueva expres\u00f3 que la promoci\u00f3n tur\u00edstica del sur fomenta la ocupaci\u00f3n hotelera y genera m\u00e1s beneficios en los diversos sectores econ\u00f3micos alternos al turismo, como se refleja en el crecimiento paulatino de infraestructura en diversas zonas del sur del estado.<\/p>\n\n\n\n<p>\u201cLos hoteleros del sur tienen buenas expectativas, porque la capital est\u00e1 preparada para recibir a m\u00e1s turistas\u2019, expres\u00f3.<\/p>\n","protected":false},"excerpt":{"rendered":"<p>(Redacci\u00f3n) El carnaval de 2020 y la temporada vacacional de Semana Santa generar\u00e1n incremento en la ocupaci\u00f3n hotelera Las familias chetumale\u00f1as tendr\u00e1n la oportunidad de presenciar el espect\u00e1culo de Danna Paola y bailar al ritmo de Junior Klan Chetumal, Quintana Roo, a 16 de Febrero de 2020.- Para que la capital del estado recobre su [&hellip;]<\/p>\n","protected":false},"author":1,"featured_media":148162,"comment_status":"open","ping_status":"open","sticky":false,"template":"","format":"standard","meta":{"footnotes":""},"categories":[3],"tags":[],"class_list":["post-148160","post","type-post","status-publish","format-standard","has-post-thumbnail","hentry","category-quintana-roo","entry","has-media"],"jetpack_featured_media_url":"http:\/\/vertienteglobal.com\/wp-content\/uploads\/2020\/02\/IMG_20200216_212809.jpg","_links":{"self":[{"href":"http:\/\/vertienteglobal.com\/index.php?rest_route=\/wp\/v2\/posts\/148160","targetHints":{"allow":["GET"]}}],"collection":[{"href":"http:\/\/vertienteglobal.com\/index.php?rest_route=\/wp\/v2\/posts"}],"about":[{"href":"http:\/\/vertienteglobal.com\/index.php?rest_route=\/wp\/v2\/types\/post"}],"author":[{"embeddable":true,"href":"http:\/\/vertienteglobal.com\/index.php?rest_route=\/wp\/v2\/users\/1"}],"replies":[{"embeddable":true,"href":"http:\/\/vertienteglobal.com\/index.php?rest_route=%2Fwp%2Fv2%2Fcomments&post=148160"}],"version-history":[{"count":0,"href":"http:\/\/vertienteglobal.com\/index.php?rest_route=\/wp\/v2\/posts\/148160\/revisions"}],"wp:featuredmedia":[{"embeddable":true,"href":"http:\/\/vertienteglobal.com\/index.php?rest_route=\/wp\/v2\/media\/148162"}],"wp:attachment":[{"href":"http:\/\/vertienteglobal.com\/index.php?rest_route=%2Fwp%2Fv2%2Fmedia&parent=148160"}],"wp:term":[{"taxonomy":"category","embeddable":true,"href":"http:\/\/vertienteglobal.com\/index.php?rest_route=%2Fwp%2Fv2%2Fcategories&post=148160"},{"taxonomy":"post_tag","embeddable":true,"href":"http:\/\/vertienteglobal.com\/index.php?rest_route=%2Fwp%2Fv2%2Ftags&post=148160"}],"curies":[{"name":"wp","href":"https:\/\/api.w.org\/{rel}","templated":true}]}}