{"id":147976,"date":"2020-02-14T20:49:00","date_gmt":"2020-02-15T02:49:00","guid":{"rendered":"http:\/\/vertienteglobal.com\/?p=147976"},"modified":"2020-02-14T21:51:02","modified_gmt":"2020-02-15T03:51:02","slug":"karla-te-amo-y-quiero-casarme-contigo-mi-amor-laura-beristain","status":"publish","type":"post","link":"http:\/\/vertienteglobal.com\/?p=147976","title":{"rendered":"Karla te amo y quiero casarme contigo mi amor: Laura Beristain"},"content":{"rendered":"\n<div class=\"twitterbutton\" style=\"float: right; padding-left: 5px;\"><a href=\"http:\/\/twitter.com\/share\" class=\"twitter-share-button\" data-count=\"horizontal\" data-text=\"Karla te amo y quiero casarme contigo mi amor: Laura Beristain\" data-via=\"https:\/\/twitter.com\/VertienteGloba1\" data-url=\"http:\/\/vertienteglobal.com\/?p=147976\" data-lang=\"es\" data-related=\"Informaci\u00f3n general:S\u00edguenos para que est\u00e9ss informado\"><\/a><\/div>\n<figure class=\"wp-block-image size-large\"><img loading=\"lazy\" decoding=\"async\" width=\"750\" height=\"375\" src=\"http:\/\/vertienteglobal.com\/wp-content\/uploads\/2020\/02\/LAURA-BERISTAIN-Y-KARLA-ROBLES-MIRANDA-2-750x375-1.jpg\" alt=\"\" class=\"wp-image-147978\" srcset=\"http:\/\/vertienteglobal.com\/wp-content\/uploads\/2020\/02\/LAURA-BERISTAIN-Y-KARLA-ROBLES-MIRANDA-2-750x375-1.jpg 750w, http:\/\/vertienteglobal.com\/wp-content\/uploads\/2020\/02\/LAURA-BERISTAIN-Y-KARLA-ROBLES-MIRANDA-2-750x375-1-300x150.jpg 300w, http:\/\/vertienteglobal.com\/wp-content\/uploads\/2020\/02\/LAURA-BERISTAIN-Y-KARLA-ROBLES-MIRANDA-2-750x375-1-150x75.jpg 150w\" sizes=\"auto, (max-width: 750px) 100vw, 750px\" \/><\/figure>\n\n\n\n<p>(Antonio Rivera)<\/p>\n\n\n\n<p>El ambiente rom\u00e1ntico con la boda colectiva y en este 14 de febrero tuvo su punto m\u00e1s bonito cuando dijo \u201cPor eso hoy, con el testigo que son ustedes y con el testigo que es el cielo y el mar, le quiero pedir a Karla Robles Miranda, mi compa\u00f1era de m\u00e1s de 14 a\u00f1os de vida que se case conmigo\u201d<\/p>\n\n\n\n<p>Playa del Carmen, Quintana Roo, a 14 de febrero de 2020.- Laura Beristain Navarrete, presidente municipal de Solidaridad, pidi\u00f3 matrimonio esta tarde a su pareja Karla Robles Miranda, quien se desempe\u00f1a como titular del DIF del municipio.<\/p>\n\n\n\n<p>Y es que aprovechando la hermosa tarde, la arena y el azul turquesa del mar, la mandataria con el sentimiento a flor de piel, hizo la petici\u00f3n a Robles Miranda.<\/p>\n\n\n\n<p>\u201cLes quiero pedir un favor, quiero que todos se pongan de pie, se los pido encarecidamente,\u201d, expres\u00f3 Beristain Navarrete.<\/p>\n\n\n\n<p>\u201cComo les dije hace rato, yo tambi\u00e9n tengo mi coraz\u00f3n y mi coraz\u00f3n todos los d\u00edas vibra. Este trabajo y esta responsabilidad, que tengo y que cumplo a cabalidad todos los d\u00edas, con respeto que es gobernar Solidaridad, no lo podr\u00eda yo hacer sola\u201d, subray\u00f3 la jefa municipal.<\/p>\n\n\n\n<p>El ambiente rom\u00e1ntico con la boda colectiva y en este 14 de febrero tuvo su punto m\u00e1s bonito cuando dijo \u201cPor eso hoy, con el testigo que son ustedes y con el testigo que es el cielo y el mar, le quiero pedir a Karla Robles Miranda, mi compa\u00f1era de m\u00e1s de 14 a\u00f1os de vida que se case conmigo\u201d.<\/p>\n\n\n\n<p>El marco no pudor ser mejor para la bonita declaraci\u00f3n de amor; los aplausos no se hicieron esperar y desde luego, no pod\u00eda faltar el anillo de compromiso.<\/p>\n\n\n\n<p>\u201cKarla te amo y quiero casarme contigo mi amor\u201d, finaliz\u00f3 Laura Beristain Navarrete, presidente municipal de Solidaridad.<\/p>\n\n\n\n<figure class=\"wp-block-image size-large\"><img loading=\"lazy\" decoding=\"async\" width=\"750\" height=\"500\" src=\"http:\/\/vertienteglobal.com\/wp-content\/uploads\/2020\/02\/LAURA-BERISTAIN-Y-KARLA-ROBLES-MIRANDA-750x500-1.jpg\" alt=\"\" class=\"wp-image-147979\" srcset=\"http:\/\/vertienteglobal.com\/wp-content\/uploads\/2020\/02\/LAURA-BERISTAIN-Y-KARLA-ROBLES-MIRANDA-750x500-1.jpg 750w, http:\/\/vertienteglobal.com\/wp-content\/uploads\/2020\/02\/LAURA-BERISTAIN-Y-KARLA-ROBLES-MIRANDA-750x500-1-300x200.jpg 300w, http:\/\/vertienteglobal.com\/wp-content\/uploads\/2020\/02\/LAURA-BERISTAIN-Y-KARLA-ROBLES-MIRANDA-750x500-1-150x100.jpg 150w\" sizes=\"auto, (max-width: 750px) 100vw, 750px\" \/><\/figure>\n","protected":false},"excerpt":{"rendered":"<p>(Antonio Rivera) El ambiente rom\u00e1ntico con la boda colectiva y en este 14 de febrero tuvo su punto m\u00e1s bonito cuando dijo \u201cPor eso hoy, con el testigo que son ustedes y con el testigo que es el cielo y el mar, le quiero pedir a Karla Robles Miranda, mi compa\u00f1era de m\u00e1s de 14 [&hellip;]<\/p>\n","protected":false},"author":1,"featured_media":147978,"comment_status":"open","ping_status":"open","sticky":false,"template":"","format":"standard","meta":{"footnotes":""},"categories":[3],"tags":[],"class_list":["post-147976","post","type-post","status-publish","format-standard","has-post-thumbnail","hentry","category-quintana-roo","entry","has-media"],"jetpack_featured_media_url":"http:\/\/vertienteglobal.com\/wp-content\/uploads\/2020\/02\/LAURA-BERISTAIN-Y-KARLA-ROBLES-MIRANDA-2-750x375-1.jpg","_links":{"self":[{"href":"http:\/\/vertienteglobal.com\/index.php?rest_route=\/wp\/v2\/posts\/147976","targetHints":{"allow":["GET"]}}],"collection":[{"href":"http:\/\/vertienteglobal.com\/index.php?rest_route=\/wp\/v2\/posts"}],"about":[{"href":"http:\/\/vertienteglobal.com\/index.php?rest_route=\/wp\/v2\/types\/post"}],"author":[{"embeddable":true,"href":"http:\/\/vertienteglobal.com\/index.php?rest_route=\/wp\/v2\/users\/1"}],"replies":[{"embeddable":true,"href":"http:\/\/vertienteglobal.com\/index.php?rest_route=%2Fwp%2Fv2%2Fcomments&post=147976"}],"version-history":[{"count":0,"href":"http:\/\/vertienteglobal.com\/index.php?rest_route=\/wp\/v2\/posts\/147976\/revisions"}],"wp:featuredmedia":[{"embeddable":true,"href":"http:\/\/vertienteglobal.com\/index.php?rest_route=\/wp\/v2\/media\/147978"}],"wp:attachment":[{"href":"http:\/\/vertienteglobal.com\/index.php?rest_route=%2Fwp%2Fv2%2Fmedia&parent=147976"}],"wp:term":[{"taxonomy":"category","embeddable":true,"href":"http:\/\/vertienteglobal.com\/index.php?rest_route=%2Fwp%2Fv2%2Fcategories&post=147976"},{"taxonomy":"post_tag","embeddable":true,"href":"http:\/\/vertienteglobal.com\/index.php?rest_route=%2Fwp%2Fv2%2Ftags&post=147976"}],"curies":[{"name":"wp","href":"https:\/\/api.w.org\/{rel}","templated":true}]}}