{"id":147910,"date":"2020-02-13T17:33:26","date_gmt":"2020-02-13T23:33:26","guid":{"rendered":"http:\/\/vertienteglobal.com\/?p=147910"},"modified":"2020-02-14T10:07:05","modified_gmt":"2020-02-14T16:07:05","slug":"universidad-veracruzana-emite-convocatoria-para-aspirantes-de-nuevo-ingreso-2020","status":"publish","type":"post","link":"http:\/\/vertienteglobal.com\/?p=147910","title":{"rendered":"Universidad Veracruzana emite convocatoria para aspirantes de nuevo ingreso 2020"},"content":{"rendered":"\n<div class=\"twitterbutton\" style=\"float: right; padding-left: 5px;\"><a href=\"http:\/\/twitter.com\/share\" class=\"twitter-share-button\" data-count=\"horizontal\" data-text=\"Universidad Veracruzana emite convocatoria para aspirantes de nuevo ingreso 2020\" data-via=\"https:\/\/twitter.com\/VertienteGloba1\" data-url=\"http:\/\/vertienteglobal.com\/?p=147910\" data-lang=\"es\" data-related=\"Informaci\u00f3n general:S\u00edguenos para que est\u00e9ss informado\"><\/a><\/div>\n<figure class=\"wp-block-image size-large\"><img loading=\"lazy\" decoding=\"async\" width=\"1024\" height=\"649\" src=\"http:\/\/vertienteglobal.com\/wp-content\/uploads\/2020\/02\/1084000.jpg\" alt=\"\" class=\"wp-image-147912\" srcset=\"http:\/\/vertienteglobal.com\/wp-content\/uploads\/2020\/02\/1084000.jpg 1024w, http:\/\/vertienteglobal.com\/wp-content\/uploads\/2020\/02\/1084000-300x190.jpg 300w, http:\/\/vertienteglobal.com\/wp-content\/uploads\/2020\/02\/1084000-150x95.jpg 150w, http:\/\/vertienteglobal.com\/wp-content\/uploads\/2020\/02\/1084000-768x487.jpg 768w\" sizes=\"auto, (max-width: 1024px) 100vw, 1024px\" \/><\/figure>\n\n\n\n<p>(Redacci\u00f3n)<\/p>\n\n\n\n<p>La UV ofertar\u00e1 para el periodo de ingreso 2020, un total de 16 mil 597 lugares en los niveles de licenciatura y T\u00e9cnico Superior Universitario (TSU)<\/p>\n\n\n\n<p>Xalapa, Veracruz a 13 de Febrero de 2020.- La Universidad Veracruzana (UV) emiti\u00f3 este lunes la convocatoria para aspirantes de nuevo ingreso 2020 en su portal web.<\/p>\n\n\n\n<p>Y es que la UV ofertar\u00e1 para el periodo de ingreso 2020, un total de 16 mil 597 lugares en los niveles de licenciatura y T\u00e9cnico Superior Universitario (TSU), as\u00ed como 12 nuevos programas educativos en las cinco regiones universitarias. <\/p>\n\n\n\n<p>La convocatoria para el proceso de admisi\u00f3n al ciclo escolar Agosto 2020\u2013Enero 2021 podr\u00e1 consultarse a partir de este lunes 10 de febrero en www.uv.mx.<\/p>\n\n\n\n<p>Los aspirantes deber\u00e1n realizar el registro por Internet del 11 de febrero al 13 de marzo de 2020.<\/p>\n\n\n\n<p>Posteriormente, el aspirante debe realizar el pago de derechos del examen indicados en el formato de pago del 11 de febrero al 1 de abril de 2020.<\/p>\n\n\n\n<p>Para los aspirantes nacionales, el costo ser\u00e1 de 869 pesos; para los extranjeros, dos mil 606 pesos, y podr\u00e1n condonar quienes tengan derecho a ello.<\/p>\n\n\n\n<p>Como parte del proceso, los aspirantes deber\u00e1n presentar el Examen Nacional de Ingreso (EXANI) a la Educaci\u00f3n Superior en la fecha, hora y lugar indicados en la credencial para examen.<\/p>\n\n\n\n<p>Para todos los programas educativos se aplicar\u00e1 el EXANI II Admisi\u00f3n.<\/p>\n\n\n\n<p>Para los programas educativos de Arquitectura, Educaci\u00f3n F\u00edsica, Deporte y Recreaci\u00f3n, Histotecn\u00f3logo y Embalsamador, as\u00ed como para los programas educativos del \u00c1rea Acad\u00e9mica de Artes, adem\u00e1s del EXANI II Admisi\u00f3n, deber\u00e1n presentar un examen complementario.<\/p>\n","protected":false},"excerpt":{"rendered":"<p>(Redacci\u00f3n) La UV ofertar\u00e1 para el periodo de ingreso 2020, un total de 16 mil 597 lugares en los niveles de licenciatura y T\u00e9cnico Superior Universitario (TSU) Xalapa, Veracruz a 13 de Febrero de 2020.- La Universidad Veracruzana (UV) emiti\u00f3 este lunes la convocatoria para aspirantes de nuevo ingreso 2020 en su portal web. Y [&hellip;]<\/p>\n","protected":false},"author":1,"featured_media":147912,"comment_status":"open","ping_status":"open","sticky":false,"template":"","format":"standard","meta":{"footnotes":""},"categories":[9,7],"tags":[],"class_list":["post-147910","post","type-post","status-publish","format-standard","has-post-thumbnail","hentry","category-educacion","category-veracruz","entry","has-media"],"jetpack_featured_media_url":"http:\/\/vertienteglobal.com\/wp-content\/uploads\/2020\/02\/1084000.jpg","_links":{"self":[{"href":"http:\/\/vertienteglobal.com\/index.php?rest_route=\/wp\/v2\/posts\/147910","targetHints":{"allow":["GET"]}}],"collection":[{"href":"http:\/\/vertienteglobal.com\/index.php?rest_route=\/wp\/v2\/posts"}],"about":[{"href":"http:\/\/vertienteglobal.com\/index.php?rest_route=\/wp\/v2\/types\/post"}],"author":[{"embeddable":true,"href":"http:\/\/vertienteglobal.com\/index.php?rest_route=\/wp\/v2\/users\/1"}],"replies":[{"embeddable":true,"href":"http:\/\/vertienteglobal.com\/index.php?rest_route=%2Fwp%2Fv2%2Fcomments&post=147910"}],"version-history":[{"count":0,"href":"http:\/\/vertienteglobal.com\/index.php?rest_route=\/wp\/v2\/posts\/147910\/revisions"}],"wp:featuredmedia":[{"embeddable":true,"href":"http:\/\/vertienteglobal.com\/index.php?rest_route=\/wp\/v2\/media\/147912"}],"wp:attachment":[{"href":"http:\/\/vertienteglobal.com\/index.php?rest_route=%2Fwp%2Fv2%2Fmedia&parent=147910"}],"wp:term":[{"taxonomy":"category","embeddable":true,"href":"http:\/\/vertienteglobal.com\/index.php?rest_route=%2Fwp%2Fv2%2Fcategories&post=147910"},{"taxonomy":"post_tag","embeddable":true,"href":"http:\/\/vertienteglobal.com\/index.php?rest_route=%2Fwp%2Fv2%2Ftags&post=147910"}],"curies":[{"name":"wp","href":"https:\/\/api.w.org\/{rel}","templated":true}]}}