{"id":147865,"date":"2020-02-12T21:52:19","date_gmt":"2020-02-13T03:52:19","guid":{"rendered":"http:\/\/vertienteglobal.com\/?p=147865"},"modified":"2020-02-13T04:40:36","modified_gmt":"2020-02-13T10:40:36","slug":"nasa-lanzara-convocatoria-para-astronautas","status":"publish","type":"post","link":"http:\/\/vertienteglobal.com\/?p=147865","title":{"rendered":"NASA lanzar\u00e1 convocatoria para astronautas"},"content":{"rendered":"\n<div class=\"twitterbutton\" style=\"float: right; padding-left: 5px;\"><a href=\"http:\/\/twitter.com\/share\" class=\"twitter-share-button\" data-count=\"horizontal\" data-text=\"NASA lanzar\u00e1 convocatoria para astronautas\" data-via=\"https:\/\/twitter.com\/VertienteGloba1\" data-url=\"http:\/\/vertienteglobal.com\/?p=147865\" data-lang=\"es\" data-related=\"Informaci\u00f3n general:S\u00edguenos para que est\u00e9ss informado\"><\/a><\/div>\n<figure class=\"wp-block-image size-large\"><img loading=\"lazy\" decoding=\"async\" width=\"1024\" height=\"683\" src=\"http:\/\/vertienteglobal.com\/wp-content\/uploads\/2020\/02\/95393.jpg\" alt=\"\" class=\"wp-image-147866\" srcset=\"http:\/\/vertienteglobal.com\/wp-content\/uploads\/2020\/02\/95393.jpg 1024w, http:\/\/vertienteglobal.com\/wp-content\/uploads\/2020\/02\/95393-300x200.jpg 300w, http:\/\/vertienteglobal.com\/wp-content\/uploads\/2020\/02\/95393-150x100.jpg 150w, http:\/\/vertienteglobal.com\/wp-content\/uploads\/2020\/02\/95393-768x512.jpg 768w\" sizes=\"auto, (max-width: 1024px) 100vw, 1024px\" \/><\/figure>\n\n\n\n<p>(Redacci\u00f3n)<\/p>\n\n\n\n<p>Los interesados en laborar en la Estaci\u00f3n Espacial Internacional deber\u00e1n iniciar el proceso del 2 al 31 de marzo, pues se seleccionar\u00e1 a quienes cuenten con el perfil necesario para desempe\u00f1arse en una de las instituciones m\u00e1s reconocidas del mundo<\/p>\n\n\n\n<p>Ciudad de M\u00e9xico a 12 de Febrero de 2020.- La Administraci\u00f3n Nacional de la Aeron\u00e1utica y del Espacio (NASA) anunci\u00f3 la nueva convocatoria para los cient\u00edficos que buscan convertirse en astronautas y buscan un espacio de trabajo para estudiar el espacio.<\/p>\n\n\n\n<p>Y es que los interesados en laborar en la Estaci\u00f3n Espacial Internacional deber\u00e1n iniciar el proceso del 2 al 31 de marzo, pues se seleccionar\u00e1 a quienes cuenten con el perfil necesario para desempe\u00f1arse en una de las instituciones m\u00e1s reconocidas del mundo.<\/p>\n\n\n\n<p>\u2018Para el pu\u00f1ado de mujeres y hombres altamente talentosos que contrataremos para unirse a nuestro diverso cuerpo de astronautas, es un momento incre\u00edble en el vuelo espacial humano para ser astronauta. <\/p>\n\n\n\n<p>Estamos preguntando a todos los estadounidenses elegibles si tienen lo que se necesita para presentar una solicitud a partir del 2 de marzo\u2019, refiri\u00f3 la NASA.<\/p>\n\n\n\n<p>Estos son los requisitos:<\/p>\n\n\n\n<p>Ser ciudadano estadounidense.<\/p>\n\n\n\n<p>Contar con una maestr\u00eda en el campo STEM: ingenier\u00eda, ciencias biol\u00f3gicas, ciencias f\u00edsicas, inform\u00e1tica o matem\u00e1ticas. <\/p>\n\n\n\n<p>Este requisito se puede cumplir tambi\u00e9n con dos a\u00f1os de trabajo en alg\u00fan programa de doctorado del campo STEM, un doctorado en medicina o en medicina osteop\u00e1tica o cumplir con un programa piloto de prueba en la NASA.<\/p>\n\n\n\n<p>Tener dos a\u00f1os de experiencia profesional relacionada, progresivamente responsable, o al menos mil horas de piloto al mando de un avi\u00f3n de reacci\u00f3n.<br>\nAdem\u00e1s, los candidatos deber\u00e1n aprobar el examen f\u00edsico de la larga duraci\u00f3n de la NASA.<br>\n(Fuente: L\u00f3pez-D\u00f3riga)<\/p>\n","protected":false},"excerpt":{"rendered":"<p>(Redacci\u00f3n) Los interesados en laborar en la Estaci\u00f3n Espacial Internacional deber\u00e1n iniciar el proceso del 2 al 31 de marzo, pues se seleccionar\u00e1 a quienes cuenten con el perfil necesario para desempe\u00f1arse en una de las instituciones m\u00e1s reconocidas del mundo Ciudad de M\u00e9xico a 12 de Febrero de 2020.- La Administraci\u00f3n Nacional de la [&hellip;]<\/p>\n","protected":false},"author":1,"featured_media":147866,"comment_status":"open","ping_status":"open","sticky":false,"template":"","format":"standard","meta":{"footnotes":""},"categories":[8],"tags":[],"class_list":["post-147865","post","type-post","status-publish","format-standard","has-post-thumbnail","hentry","category-pais","entry","has-media"],"jetpack_featured_media_url":"http:\/\/vertienteglobal.com\/wp-content\/uploads\/2020\/02\/95393.jpg","_links":{"self":[{"href":"http:\/\/vertienteglobal.com\/index.php?rest_route=\/wp\/v2\/posts\/147865","targetHints":{"allow":["GET"]}}],"collection":[{"href":"http:\/\/vertienteglobal.com\/index.php?rest_route=\/wp\/v2\/posts"}],"about":[{"href":"http:\/\/vertienteglobal.com\/index.php?rest_route=\/wp\/v2\/types\/post"}],"author":[{"embeddable":true,"href":"http:\/\/vertienteglobal.com\/index.php?rest_route=\/wp\/v2\/users\/1"}],"replies":[{"embeddable":true,"href":"http:\/\/vertienteglobal.com\/index.php?rest_route=%2Fwp%2Fv2%2Fcomments&post=147865"}],"version-history":[{"count":0,"href":"http:\/\/vertienteglobal.com\/index.php?rest_route=\/wp\/v2\/posts\/147865\/revisions"}],"wp:featuredmedia":[{"embeddable":true,"href":"http:\/\/vertienteglobal.com\/index.php?rest_route=\/wp\/v2\/media\/147866"}],"wp:attachment":[{"href":"http:\/\/vertienteglobal.com\/index.php?rest_route=%2Fwp%2Fv2%2Fmedia&parent=147865"}],"wp:term":[{"taxonomy":"category","embeddable":true,"href":"http:\/\/vertienteglobal.com\/index.php?rest_route=%2Fwp%2Fv2%2Fcategories&post=147865"},{"taxonomy":"post_tag","embeddable":true,"href":"http:\/\/vertienteglobal.com\/index.php?rest_route=%2Fwp%2Fv2%2Ftags&post=147865"}],"curies":[{"name":"wp","href":"https:\/\/api.w.org\/{rel}","templated":true}]}}