{"id":147766,"date":"2020-02-11T21:50:00","date_gmt":"2020-02-12T03:50:00","guid":{"rendered":"http:\/\/vertienteglobal.com\/?p=147766"},"modified":"2020-02-11T23:14:22","modified_gmt":"2020-02-12T05:14:22","slug":"los-artistas-confirmados-para-el-carnaval-de-veracruz-2020","status":"publish","type":"post","link":"http:\/\/vertienteglobal.com\/?p=147766","title":{"rendered":"Los artistas confirmados para el Carnaval de Veracruz 2020"},"content":{"rendered":"\n<div class=\"twitterbutton\" style=\"float: right; padding-left: 5px;\"><a href=\"http:\/\/twitter.com\/share\" class=\"twitter-share-button\" data-count=\"horizontal\" data-text=\"Los artistas confirmados para el Carnaval de Veracruz 2020\" data-via=\"https:\/\/twitter.com\/VertienteGloba1\" data-url=\"http:\/\/vertienteglobal.com\/?p=147766\" data-lang=\"es\" data-related=\"Informaci\u00f3n general:S\u00edguenos para que est\u00e9ss informado\"><\/a><\/div>\n<figure class=\"wp-block-image size-large\"><img loading=\"lazy\" decoding=\"async\" width=\"1024\" height=\"683\" src=\"http:\/\/vertienteglobal.com\/wp-content\/uploads\/2020\/02\/1084062.jpg\" alt=\"\" class=\"wp-image-147768\" srcset=\"http:\/\/vertienteglobal.com\/wp-content\/uploads\/2020\/02\/1084062.jpg 1024w, http:\/\/vertienteglobal.com\/wp-content\/uploads\/2020\/02\/1084062-300x200.jpg 300w, http:\/\/vertienteglobal.com\/wp-content\/uploads\/2020\/02\/1084062-150x100.jpg 150w, http:\/\/vertienteglobal.com\/wp-content\/uploads\/2020\/02\/1084062-768x512.jpg 768w\" sizes=\"auto, (max-width: 1024px) 100vw, 1024px\" \/><\/figure>\n\n\n\n<p>(Redacci\u00f3n)<\/p>\n\n\n\n<p>Los conciertos masivos son gratuitos en la Macro Plaza del Malec\u00f3n<\/p>\n\n\n\n<p>Veracruz, Veracruz, a 11 de Febrero de 2020.- El Carnaval de Veracruz 2020 se llevar\u00e1 a cabo del 19 al 25 de febrero, en donde habr\u00e1 distintas actividades y conciertos masivos en la Macro Plaza del Malec\u00f3n.<\/p>\n\n\n\n<p>Y es que los artistas que se estar\u00e1n presentando en el marco de las fiestas carnestolendas son:<\/p>\n\n\n\n<p>Mi\u00e9rcoles 19 de Febrero: Los Wapayasos y Guerra de Chistes, se presentan en el marco de la Quema del Mal Humor.<\/p>\n\n\n\n<p>Jueves 20 de Febrero: Emilio Osorio con Joaqu\u00edn Bondoni como invitado especial, y Mario Bautista, se presentan en el marco de la coronaci\u00f3n de los Reyes Infantiles, la cual se llevar\u00e1 a cabo a las 20:00 horas. <\/p>\n\n\n\n<p>Viernes 21 de Febrero: Se presenta Gloria Trevi, en el marco de la coronaci\u00f3n de los Reyes de la Alegr\u00eda, que se llevar\u00e1 a cabo a las 21:00 horas. <\/p>\n\n\n\n<p>S\u00e1bado 22 de Febrero: Se presenta Havana de Primera de Alexander Abreu y Los Van Van de Cuba.<\/p>\n\n\n\n<p>Domingo 23 Febrero: Banda El Recodo<\/p>\n\n\n\n<p>Lunes 24 Febrero: Dalex y Sech<\/p>\n\n\n\n<p>Martes 25 Febrero: Emmanuel y Mijares, se presentan previo al Entierro de Juan Carnaval.<\/p>\n\n\n\n<p>Cabe destacarar que todos los conciertos masivos son gratuitos en la Macro Plaza del Malec\u00f3n.<\/p>\n","protected":false},"excerpt":{"rendered":"<p>(Redacci\u00f3n) Los conciertos masivos son gratuitos en la Macro Plaza del Malec\u00f3n Veracruz, Veracruz, a 11 de Febrero de 2020.- El Carnaval de Veracruz 2020 se llevar\u00e1 a cabo del 19 al 25 de febrero, en donde habr\u00e1 distintas actividades y conciertos masivos en la Macro Plaza del Malec\u00f3n. Y es que los artistas que [&hellip;]<\/p>\n","protected":false},"author":1,"featured_media":147768,"comment_status":"open","ping_status":"open","sticky":false,"template":"","format":"standard","meta":{"footnotes":""},"categories":[10,7],"tags":[],"class_list":["post-147766","post","type-post","status-publish","format-standard","has-post-thumbnail","hentry","category-espectaculos","category-veracruz","entry","has-media"],"jetpack_featured_media_url":"http:\/\/vertienteglobal.com\/wp-content\/uploads\/2020\/02\/1084062.jpg","_links":{"self":[{"href":"http:\/\/vertienteglobal.com\/index.php?rest_route=\/wp\/v2\/posts\/147766","targetHints":{"allow":["GET"]}}],"collection":[{"href":"http:\/\/vertienteglobal.com\/index.php?rest_route=\/wp\/v2\/posts"}],"about":[{"href":"http:\/\/vertienteglobal.com\/index.php?rest_route=\/wp\/v2\/types\/post"}],"author":[{"embeddable":true,"href":"http:\/\/vertienteglobal.com\/index.php?rest_route=\/wp\/v2\/users\/1"}],"replies":[{"embeddable":true,"href":"http:\/\/vertienteglobal.com\/index.php?rest_route=%2Fwp%2Fv2%2Fcomments&post=147766"}],"version-history":[{"count":0,"href":"http:\/\/vertienteglobal.com\/index.php?rest_route=\/wp\/v2\/posts\/147766\/revisions"}],"wp:featuredmedia":[{"embeddable":true,"href":"http:\/\/vertienteglobal.com\/index.php?rest_route=\/wp\/v2\/media\/147768"}],"wp:attachment":[{"href":"http:\/\/vertienteglobal.com\/index.php?rest_route=%2Fwp%2Fv2%2Fmedia&parent=147766"}],"wp:term":[{"taxonomy":"category","embeddable":true,"href":"http:\/\/vertienteglobal.com\/index.php?rest_route=%2Fwp%2Fv2%2Fcategories&post=147766"},{"taxonomy":"post_tag","embeddable":true,"href":"http:\/\/vertienteglobal.com\/index.php?rest_route=%2Fwp%2Fv2%2Ftags&post=147766"}],"curies":[{"name":"wp","href":"https:\/\/api.w.org\/{rel}","templated":true}]}}