{"id":147609,"date":"2020-02-10T08:33:00","date_gmt":"2020-02-10T14:33:00","guid":{"rendered":"http:\/\/vertienteglobal.com\/?p=147609"},"modified":"2020-02-10T18:32:30","modified_gmt":"2020-02-11T00:32:30","slug":"habra-carnaval-de-la-gorda-y-la-picada-2020-en-el-barrio-de-la-huaca-en-veracruz","status":"publish","type":"post","link":"http:\/\/vertienteglobal.com\/?p=147609","title":{"rendered":"Habr\u00e1 Carnaval de la Gorda y la Picada 2020 en el Barrio de la Huaca, en Veracruz"},"content":{"rendered":"\n<div class=\"twitterbutton\" style=\"float: right; padding-left: 5px;\"><a href=\"http:\/\/twitter.com\/share\" class=\"twitter-share-button\" data-count=\"horizontal\" data-text=\"Habr\u00e1 Carnaval de la Gorda y la Picada 2020 en el Barrio de la Huaca, en Veracr...\" data-via=\"https:\/\/twitter.com\/VertienteGloba1\" data-url=\"http:\/\/vertienteglobal.com\/?p=147609\" data-lang=\"es\" data-related=\"Informaci\u00f3n general:S\u00edguenos para que est\u00e9ss informado\"><\/a><\/div>\n<figure class=\"wp-block-image size-large\"><img loading=\"lazy\" decoding=\"async\" width=\"1024\" height=\"683\" src=\"http:\/\/vertienteglobal.com\/wp-content\/uploads\/2020\/02\/1083727.jpg\" alt=\"\" class=\"wp-image-147612\" srcset=\"http:\/\/vertienteglobal.com\/wp-content\/uploads\/2020\/02\/1083727.jpg 1024w, http:\/\/vertienteglobal.com\/wp-content\/uploads\/2020\/02\/1083727-300x200.jpg 300w, http:\/\/vertienteglobal.com\/wp-content\/uploads\/2020\/02\/1083727-150x100.jpg 150w, http:\/\/vertienteglobal.com\/wp-content\/uploads\/2020\/02\/1083727-768x512.jpg 768w\" sizes=\"auto, (max-width: 1024px) 100vw, 1024px\" \/><\/figure>\n\n\n\n<p>(Redacci\u00f3n)<\/p>\n\n\n\n<p>De ranchera o de tomate, las picadas en el Festival de la Gorda y la Picada en Veracruz<\/p>\n\n\n\n<p>Veracruz, Veracruz, a 09 de febrero de 2020<br>\nDe ranchera, o de tomate, gordas blancas o dulces, podr\u00e1 encontrar el p\u00fablico en el Carnaval de la Gorda y la Picada en Veracruz.<\/p>\n\n\n\n<p>Y es que en el marco del Carnaval 2020, en el barrio de La Huaca se llevar\u00e1 a cabo el Carnaval de la Gorda y la Picada del 19 al 25 de febrero, en la misma fecha de las fiestas carnestolendas, dijo la organizadora del evento, la maestra Noem\u00ed Palomino.<\/p>\n\n\n\n<p>\u201cVan a encontrar a la reina que es la picada, la picada verde, la picada de ranchera, la picada de roja, de tomate, preparada o sencilla, van a encontrar la gorda, la gorda blanca, la gorda de dulce, la gorda negra\u201d.<\/p>\n\n\n\n<p>El evento se llevar\u00e1 a cabo en el callej\u00f3n \u201cTo\u00f1a La Negra\u201d desde las 8:00 de la ma\u00f1ana hasta que el cuerpo aguante, indic\u00f3.<\/p>\n\n\n\n<p>A\u00f1adi\u00f3 que adem\u00e1s de los antojitos que se ofrecer\u00e1n, algunas personas han optado por ofrecer empanadas de camar\u00f3n o de minilla, elaboradas con productos del mar.<\/p>\n\n\n\n<p>Apunt\u00f3 que al festival se han sumado m\u00e1s negocios que no est\u00e1n en el callej\u00f3n, sin embargo ofrecen el antojito veracruzano.<\/p>\n","protected":false},"excerpt":{"rendered":"<p>(Redacci\u00f3n) De ranchera o de tomate, las picadas en el Festival de la Gorda y la Picada en Veracruz Veracruz, Veracruz, a 09 de febrero de 2020 De ranchera, o de tomate, gordas blancas o dulces, podr\u00e1 encontrar el p\u00fablico en el Carnaval de la Gorda y la Picada en Veracruz. Y es que en [&hellip;]<\/p>\n","protected":false},"author":1,"featured_media":147612,"comment_status":"open","ping_status":"open","sticky":false,"template":"","format":"standard","meta":{"footnotes":""},"categories":[10,7],"tags":[],"class_list":["post-147609","post","type-post","status-publish","format-standard","has-post-thumbnail","hentry","category-espectaculos","category-veracruz","entry","has-media"],"jetpack_featured_media_url":"http:\/\/vertienteglobal.com\/wp-content\/uploads\/2020\/02\/1083727.jpg","_links":{"self":[{"href":"http:\/\/vertienteglobal.com\/index.php?rest_route=\/wp\/v2\/posts\/147609","targetHints":{"allow":["GET"]}}],"collection":[{"href":"http:\/\/vertienteglobal.com\/index.php?rest_route=\/wp\/v2\/posts"}],"about":[{"href":"http:\/\/vertienteglobal.com\/index.php?rest_route=\/wp\/v2\/types\/post"}],"author":[{"embeddable":true,"href":"http:\/\/vertienteglobal.com\/index.php?rest_route=\/wp\/v2\/users\/1"}],"replies":[{"embeddable":true,"href":"http:\/\/vertienteglobal.com\/index.php?rest_route=%2Fwp%2Fv2%2Fcomments&post=147609"}],"version-history":[{"count":0,"href":"http:\/\/vertienteglobal.com\/index.php?rest_route=\/wp\/v2\/posts\/147609\/revisions"}],"wp:featuredmedia":[{"embeddable":true,"href":"http:\/\/vertienteglobal.com\/index.php?rest_route=\/wp\/v2\/media\/147612"}],"wp:attachment":[{"href":"http:\/\/vertienteglobal.com\/index.php?rest_route=%2Fwp%2Fv2%2Fmedia&parent=147609"}],"wp:term":[{"taxonomy":"category","embeddable":true,"href":"http:\/\/vertienteglobal.com\/index.php?rest_route=%2Fwp%2Fv2%2Fcategories&post=147609"},{"taxonomy":"post_tag","embeddable":true,"href":"http:\/\/vertienteglobal.com\/index.php?rest_route=%2Fwp%2Fv2%2Ftags&post=147609"}],"curies":[{"name":"wp","href":"https:\/\/api.w.org\/{rel}","templated":true}]}}