{"id":147572,"date":"2020-02-09T17:51:18","date_gmt":"2020-02-09T23:51:18","guid":{"rendered":"http:\/\/vertienteglobal.com\/?p=147572"},"modified":"2020-02-10T18:03:56","modified_gmt":"2020-02-11T00:03:56","slug":"anuncia-sedema-precio-de-verificacion-vehicular-para-2020-en-veracruz","status":"publish","type":"post","link":"http:\/\/vertienteglobal.com\/?p=147572","title":{"rendered":"Anuncia Sedema precio de verificaci\u00f3n vehicular para 2020 en Veracruz"},"content":{"rendered":"\n<div class=\"twitterbutton\" style=\"float: right; padding-left: 5px;\"><a href=\"http:\/\/twitter.com\/share\" class=\"twitter-share-button\" data-count=\"horizontal\" data-text=\"Anuncia Sedema precio de verificaci\u00f3n vehicular para 2020 en Veracruz\" data-via=\"https:\/\/twitter.com\/VertienteGloba1\" data-url=\"http:\/\/vertienteglobal.com\/?p=147572\" data-lang=\"es\" data-related=\"Informaci\u00f3n general:S\u00edguenos para que est\u00e9ss informado\"><\/a><\/div>\n<figure class=\"wp-block-image size-large\"><img loading=\"lazy\" decoding=\"async\" width=\"1024\" height=\"683\" src=\"http:\/\/vertienteglobal.com\/wp-content\/uploads\/2020\/02\/1083739.jpg\" alt=\"\" class=\"wp-image-147574\" srcset=\"http:\/\/vertienteglobal.com\/wp-content\/uploads\/2020\/02\/1083739.jpg 1024w, http:\/\/vertienteglobal.com\/wp-content\/uploads\/2020\/02\/1083739-300x200.jpg 300w, http:\/\/vertienteglobal.com\/wp-content\/uploads\/2020\/02\/1083739-150x100.jpg 150w, http:\/\/vertienteglobal.com\/wp-content\/uploads\/2020\/02\/1083739-768x512.jpg 768w\" sizes=\"auto, (max-width: 1024px) 100vw, 1024px\" \/><\/figure>\n\n\n\n<p>(Redacci\u00f3n)<\/p>\n\n\n\n<p>el estado de Veracruz ha puesto a disposici\u00f3n de la ciudadan\u00eda 252 Centros de Verificaci\u00f3n<\/p>\n\n\n\n<p>Xalapa, Veracruz, a 09 de Febrero de 2020.- La Secretar\u00eda de Medio Ambiente inform\u00f3 este domingo a trav\u00e9s de un comunicado que el precio de la Verificaci\u00f3n Vehicular Obligatoria y Permanente se mantendr\u00e1 todo este a\u00f1o.<\/p>\n\n\n\n<p>Y es a trav\u00e9s de un comunicado, inform\u00f3 que la Verificaci\u00f3n Vehicular Obligatoria y Permanente, implementada por la Secretar\u00eda de Medio Ambiente (SEDEMA) costar\u00e1 365.20 pesos todo el a\u00f1o, a fin de que los propietarios de automotores obtengan la constancia aprobatoria.<\/p>\n\n\n\n<p>El proceso (din\u00e1mico, est\u00e1tico o di\u00e9sel) tiene el objetivo de reducir al m\u00e1ximo las emisiones de gases contaminantes y con ello mejorar la calidad del aire, por lo que debe efectuarse cada seis meses conforme al \u00faltimo d\u00edgito de las placas del veh\u00edculo.<\/p>\n\n\n\n<p>Cabe recordar que para estos fines, el estado de Veracruz ha puesto a disposici\u00f3n de la ciudadan\u00eda 252 Centros de Verificaci\u00f3n.<\/p>\n\n\n\n<figure class=\"wp-block-image size-large\"><img loading=\"lazy\" decoding=\"async\" width=\"533\" height=\"800\" src=\"http:\/\/vertienteglobal.com\/wp-content\/uploads\/2020\/02\/verificaci\u00f3n-a.jpg\" alt=\"\" class=\"wp-image-147575\" srcset=\"http:\/\/vertienteglobal.com\/wp-content\/uploads\/2020\/02\/verificaci\u00f3n-a.jpg 533w, http:\/\/vertienteglobal.com\/wp-content\/uploads\/2020\/02\/verificaci\u00f3n-a-200x300.jpg 200w, http:\/\/vertienteglobal.com\/wp-content\/uploads\/2020\/02\/verificaci\u00f3n-a-100x150.jpg 100w\" sizes=\"auto, (max-width: 533px) 100vw, 533px\" \/><\/figure>\n","protected":false},"excerpt":{"rendered":"<p>(Redacci\u00f3n) el estado de Veracruz ha puesto a disposici\u00f3n de la ciudadan\u00eda 252 Centros de Verificaci\u00f3n Xalapa, Veracruz, a 09 de Febrero de 2020.- La Secretar\u00eda de Medio Ambiente inform\u00f3 este domingo a trav\u00e9s de un comunicado que el precio de la Verificaci\u00f3n Vehicular Obligatoria y Permanente se mantendr\u00e1 todo este a\u00f1o. Y es a [&hellip;]<\/p>\n","protected":false},"author":1,"featured_media":147574,"comment_status":"open","ping_status":"open","sticky":false,"template":"","format":"standard","meta":{"footnotes":""},"categories":[7],"tags":[],"class_list":["post-147572","post","type-post","status-publish","format-standard","has-post-thumbnail","hentry","category-veracruz","entry","has-media"],"jetpack_featured_media_url":"http:\/\/vertienteglobal.com\/wp-content\/uploads\/2020\/02\/1083739.jpg","_links":{"self":[{"href":"http:\/\/vertienteglobal.com\/index.php?rest_route=\/wp\/v2\/posts\/147572","targetHints":{"allow":["GET"]}}],"collection":[{"href":"http:\/\/vertienteglobal.com\/index.php?rest_route=\/wp\/v2\/posts"}],"about":[{"href":"http:\/\/vertienteglobal.com\/index.php?rest_route=\/wp\/v2\/types\/post"}],"author":[{"embeddable":true,"href":"http:\/\/vertienteglobal.com\/index.php?rest_route=\/wp\/v2\/users\/1"}],"replies":[{"embeddable":true,"href":"http:\/\/vertienteglobal.com\/index.php?rest_route=%2Fwp%2Fv2%2Fcomments&post=147572"}],"version-history":[{"count":0,"href":"http:\/\/vertienteglobal.com\/index.php?rest_route=\/wp\/v2\/posts\/147572\/revisions"}],"wp:featuredmedia":[{"embeddable":true,"href":"http:\/\/vertienteglobal.com\/index.php?rest_route=\/wp\/v2\/media\/147574"}],"wp:attachment":[{"href":"http:\/\/vertienteglobal.com\/index.php?rest_route=%2Fwp%2Fv2%2Fmedia&parent=147572"}],"wp:term":[{"taxonomy":"category","embeddable":true,"href":"http:\/\/vertienteglobal.com\/index.php?rest_route=%2Fwp%2Fv2%2Fcategories&post=147572"},{"taxonomy":"post_tag","embeddable":true,"href":"http:\/\/vertienteglobal.com\/index.php?rest_route=%2Fwp%2Fv2%2Ftags&post=147572"}],"curies":[{"name":"wp","href":"https:\/\/api.w.org\/{rel}","templated":true}]}}