{"id":147554,"date":"2020-02-09T19:24:00","date_gmt":"2020-02-10T01:24:00","guid":{"rendered":"http:\/\/vertienteglobal.com\/?p=147554"},"modified":"2020-02-10T12:33:38","modified_gmt":"2020-02-10T18:33:38","slug":"quintana-roo-se-consolida-como-lider-en-crecimiento-economico-y-en-generacion-de-empleos-carlos-joaquin","status":"publish","type":"post","link":"http:\/\/vertienteglobal.com\/?p=147554","title":{"rendered":"Quintana Roo se consolida como l\u00edder en crecimiento econ\u00f3mico y en generaci\u00f3n de empleos: Carlos Joaqu\u00edn"},"content":{"rendered":"\n<div class=\"twitterbutton\" style=\"float: right; padding-left: 5px;\"><a href=\"http:\/\/twitter.com\/share\" class=\"twitter-share-button\" data-count=\"horizontal\" data-text=\"Quintana Roo se consolida como l\u00edder en crecimiento econ\u00f3mico y en generaci\u00f3n...\" data-via=\"https:\/\/twitter.com\/VertienteGloba1\" data-url=\"http:\/\/vertienteglobal.com\/?p=147554\" data-lang=\"es\" data-related=\"Informaci\u00f3n general:S\u00edguenos para que est\u00e9ss informado\"><\/a><\/div>\n<figure class=\"wp-block-image size-large\"><img loading=\"lazy\" decoding=\"async\" width=\"1024\" height=\"777\" src=\"http:\/\/vertienteglobal.com\/wp-content\/uploads\/2020\/02\/IMG_20200210_133102-1024x777.jpg\" alt=\"\" class=\"wp-image-147555\" srcset=\"http:\/\/vertienteglobal.com\/wp-content\/uploads\/2020\/02\/IMG_20200210_133102-1024x777.jpg 1024w, http:\/\/vertienteglobal.com\/wp-content\/uploads\/2020\/02\/IMG_20200210_133102-300x228.jpg 300w, http:\/\/vertienteglobal.com\/wp-content\/uploads\/2020\/02\/IMG_20200210_133102-150x114.jpg 150w, http:\/\/vertienteglobal.com\/wp-content\/uploads\/2020\/02\/IMG_20200210_133102-768x583.jpg 768w, http:\/\/vertienteglobal.com\/wp-content\/uploads\/2020\/02\/IMG_20200210_133102.jpg 1280w\" sizes=\"auto, (max-width: 1024px) 100vw, 1024px\" \/><\/figure>\n\n\n\n<p>(Antonio Rivera)<\/p>\n\n\n\n<p>Se tiene programada una inversi\u00f3n de m\u00e1s de mil millones de d\u00f3lares para la construcci\u00f3n del \u201cWorld Trade Center\u201d en Canc\u00fan<\/p>\n\n\n\n<p>El proyecto es resultado de la confianza que brinda el gobierno a empresarios e inversionistas<\/p>\n\n\n\n<p>Chetumal, Quintana Roo a 09 de Febrero de 2020.-Quintana Roo se consolida como estado l\u00edder en crecimiento econ\u00f3mico con proyectos como el \u201cWorld Trade Center\u201d, el cual se construir\u00e1 en Canc\u00fan y representa una inversi\u00f3n de m\u00e1s de mil millones de d\u00f3lares.<\/p>\n\n\n\n<p>Este proyecto, resultado de la confianza que brinda el gobierno de Carlos Joaqu\u00edn a empresarios e inversionistas, es parte del nuevo desarrollo del Hotel Grand Island, el cual contempla un enfoque sustentable para proteger las bellezas naturales, que son motivo de orgullo para los quintanarroenses.<\/p>\n\n\n\n<p>Como resultado de la coordinaci\u00f3n y suma de esfuerzos entre los sectores p\u00fablico y privado, en favor del desarrollo econ\u00f3mico y social de Quintana Roo, este mi\u00e9rcoles, el gobernador Carlos Joaqu\u00edn participar\u00e1, con la Asociaci\u00f3n Mexicana de Profesionales Inmobiliarios (AMPI), en el inicio de los trabajos para el \u201cWorld Trade Center\u201d.<\/p>\n\n\n\n<p>Desde el inicio de su administraci\u00f3n, el gobernador Carlos Joaqu\u00edn ha impulsado la innovaci\u00f3n y la competitividad del sector tur\u00edstico a trav\u00e9s de m\u00e1s inversiones en infraestructura, una mayor diversificaci\u00f3n en la oferta y una mayor consolidaci\u00f3n de los destinos.<\/p>\n\n\n\n<p>Tan s\u00f3lo en el primer semestre del a\u00f1o de 2019, la atracci\u00f3n de inversiones extranjeras fue de 309.3 millones de d\u00f3lares, lo que contribuye tambi\u00e9n a la generaci\u00f3n de m\u00e1s empleos mejor pagados para la gente.<\/p>\n\n\n\n<p>\u201cLa atracci\u00f3n de nuevas inversiones al estado nos permite consolidarnos como l\u00edderes en crecimiento econ\u00f3mico y, a la vez, la entidad se mantiene entre los primeros lugares de generaci\u00f3n de empleo formal\u201d, afirm\u00f3 Carlos Joaqu\u00edn.<\/p>\n\n\n\n<p>\u201cEs indispensable continuar como un potente motor del desarrollo econ\u00f3mico regional, comunitario y nacional, y, por supuesto, impulsar la diversificaci\u00f3n tur\u00edstica, en lo que contribuir\u00e1 el \u2018World Trade Center\u2019\u201d, agreg\u00f3 el gobernador de Quintana Roo.<\/p>\n","protected":false},"excerpt":{"rendered":"<p>(Antonio Rivera) Se tiene programada una inversi\u00f3n de m\u00e1s de mil millones de d\u00f3lares para la construcci\u00f3n del \u201cWorld Trade Center\u201d en Canc\u00fan El proyecto es resultado de la confianza que brinda el gobierno a empresarios e inversionistas Chetumal, Quintana Roo a 09 de Febrero de 2020.-Quintana Roo se consolida como estado l\u00edder en crecimiento [&hellip;]<\/p>\n","protected":false},"author":1,"featured_media":147555,"comment_status":"open","ping_status":"open","sticky":false,"template":"","format":"standard","meta":{"footnotes":""},"categories":[1],"tags":[],"class_list":["post-147554","post","type-post","status-publish","format-standard","has-post-thumbnail","hentry","category-uncategorized","entry","has-media"],"jetpack_featured_media_url":"http:\/\/vertienteglobal.com\/wp-content\/uploads\/2020\/02\/IMG_20200210_133102.jpg","_links":{"self":[{"href":"http:\/\/vertienteglobal.com\/index.php?rest_route=\/wp\/v2\/posts\/147554","targetHints":{"allow":["GET"]}}],"collection":[{"href":"http:\/\/vertienteglobal.com\/index.php?rest_route=\/wp\/v2\/posts"}],"about":[{"href":"http:\/\/vertienteglobal.com\/index.php?rest_route=\/wp\/v2\/types\/post"}],"author":[{"embeddable":true,"href":"http:\/\/vertienteglobal.com\/index.php?rest_route=\/wp\/v2\/users\/1"}],"replies":[{"embeddable":true,"href":"http:\/\/vertienteglobal.com\/index.php?rest_route=%2Fwp%2Fv2%2Fcomments&post=147554"}],"version-history":[{"count":0,"href":"http:\/\/vertienteglobal.com\/index.php?rest_route=\/wp\/v2\/posts\/147554\/revisions"}],"wp:featuredmedia":[{"embeddable":true,"href":"http:\/\/vertienteglobal.com\/index.php?rest_route=\/wp\/v2\/media\/147555"}],"wp:attachment":[{"href":"http:\/\/vertienteglobal.com\/index.php?rest_route=%2Fwp%2Fv2%2Fmedia&parent=147554"}],"wp:term":[{"taxonomy":"category","embeddable":true,"href":"http:\/\/vertienteglobal.com\/index.php?rest_route=%2Fwp%2Fv2%2Fcategories&post=147554"},{"taxonomy":"post_tag","embeddable":true,"href":"http:\/\/vertienteglobal.com\/index.php?rest_route=%2Fwp%2Fv2%2Ftags&post=147554"}],"curies":[{"name":"wp","href":"https:\/\/api.w.org\/{rel}","templated":true}]}}