{"id":147287,"date":"2020-02-06T11:10:00","date_gmt":"2020-02-06T17:10:00","guid":{"rendered":"http:\/\/vertienteglobal.com\/?p=147287"},"modified":"2020-02-06T13:15:26","modified_gmt":"2020-02-06T19:15:26","slug":"empresas-privadas-trabajaran-de-forma-coordinada-con-las-autoridades-federales","status":"publish","type":"post","link":"http:\/\/vertienteglobal.com\/?p=147287","title":{"rendered":"Empresas privadas   trabajaran de forma coordinada con las autoridades federales"},"content":{"rendered":"\n<div class=\"twitterbutton\" style=\"float: right; padding-left: 5px;\"><a href=\"http:\/\/twitter.com\/share\" class=\"twitter-share-button\" data-count=\"horizontal\" data-text=\"Empresas privadas   trabajaran de forma coordinada con las autoridades federales\" data-via=\"https:\/\/twitter.com\/VertienteGloba1\" data-url=\"http:\/\/vertienteglobal.com\/?p=147287\" data-lang=\"es\" data-related=\"Informaci\u00f3n general:S\u00edguenos para que est\u00e9ss informado\"><\/a><\/div>\n<figure class=\"wp-block-image size-large\"><img loading=\"lazy\" decoding=\"async\" width=\"720\" height=\"540\" src=\"http:\/\/vertienteglobal.com\/wp-content\/uploads\/2020\/02\/FB_IMG_1581016442375.jpg\" alt=\"\" class=\"wp-image-147289\" srcset=\"http:\/\/vertienteglobal.com\/wp-content\/uploads\/2020\/02\/FB_IMG_1581016442375.jpg 720w, http:\/\/vertienteglobal.com\/wp-content\/uploads\/2020\/02\/FB_IMG_1581016442375-300x225.jpg 300w, http:\/\/vertienteglobal.com\/wp-content\/uploads\/2020\/02\/FB_IMG_1581016442375-150x113.jpg 150w\" sizes=\"auto, (max-width: 720px) 100vw, 720px\" \/><\/figure>\n\n\n\n<p>(Antonio Rivera\/Foto: Juan famon)<\/p>\n\n\n\n<p>Los empresarios expresan su inter\u00e9s de trabajar de forma coordinada con las autoridades federales para abonar a qu\u00e9 se logre la seguridad en Tabasco<\/p>\n\n\n\n<p>Villahermosa, Tabasco.- La directiva del Consejo Estatal de Empresas de Seguridad Privada de Tabasco, se reuni\u00f3 con el Comisario, Jos\u00e9 Fidel Armenta, Coordinador Estatal de la Polic\u00eda Federal en Tabasco.<\/p>\n\n\n\n<p>Aqu\u00ed, participaron el presidente del Consejo de Empresas de Seguridad Privada, el empresario Manuel Felipe Ord\u00f3\u00f1ez Buend\u00eda, el secretario Abel Zurita y la Tesorera, Virginia Dimas.<\/p>\n\n\n\n<p>Los empresarios expresan su inter\u00e9s de trabajar de forma coordinada con las autoridades federales para abonar a qu\u00e9 se logre la seguridad en Tabasco, con una fuerza de m\u00e1s de mil hombres, adem\u00e1s de seguir trabajando en la capacitaci\u00f3n de sus elementos.<\/p>\n","protected":false},"excerpt":{"rendered":"<p>(Antonio Rivera\/Foto: Juan famon) Los empresarios expresan su inter\u00e9s de trabajar de forma coordinada con las autoridades federales para abonar a qu\u00e9 se logre la seguridad en Tabasco Villahermosa, Tabasco.- La directiva del Consejo Estatal de Empresas de Seguridad Privada de Tabasco, se reuni\u00f3 con el Comisario, Jos\u00e9 Fidel Armenta, Coordinador Estatal de la Polic\u00eda [&hellip;]<\/p>\n","protected":false},"author":1,"featured_media":147289,"comment_status":"open","ping_status":"open","sticky":false,"template":"","format":"standard","meta":{"footnotes":""},"categories":[5],"tags":[],"class_list":["post-147287","post","type-post","status-publish","format-standard","has-post-thumbnail","hentry","category-tabasco","entry","has-media"],"jetpack_featured_media_url":"http:\/\/vertienteglobal.com\/wp-content\/uploads\/2020\/02\/FB_IMG_1581016442375.jpg","_links":{"self":[{"href":"http:\/\/vertienteglobal.com\/index.php?rest_route=\/wp\/v2\/posts\/147287","targetHints":{"allow":["GET"]}}],"collection":[{"href":"http:\/\/vertienteglobal.com\/index.php?rest_route=\/wp\/v2\/posts"}],"about":[{"href":"http:\/\/vertienteglobal.com\/index.php?rest_route=\/wp\/v2\/types\/post"}],"author":[{"embeddable":true,"href":"http:\/\/vertienteglobal.com\/index.php?rest_route=\/wp\/v2\/users\/1"}],"replies":[{"embeddable":true,"href":"http:\/\/vertienteglobal.com\/index.php?rest_route=%2Fwp%2Fv2%2Fcomments&post=147287"}],"version-history":[{"count":0,"href":"http:\/\/vertienteglobal.com\/index.php?rest_route=\/wp\/v2\/posts\/147287\/revisions"}],"wp:featuredmedia":[{"embeddable":true,"href":"http:\/\/vertienteglobal.com\/index.php?rest_route=\/wp\/v2\/media\/147289"}],"wp:attachment":[{"href":"http:\/\/vertienteglobal.com\/index.php?rest_route=%2Fwp%2Fv2%2Fmedia&parent=147287"}],"wp:term":[{"taxonomy":"category","embeddable":true,"href":"http:\/\/vertienteglobal.com\/index.php?rest_route=%2Fwp%2Fv2%2Fcategories&post=147287"},{"taxonomy":"post_tag","embeddable":true,"href":"http:\/\/vertienteglobal.com\/index.php?rest_route=%2Fwp%2Fv2%2Ftags&post=147287"}],"curies":[{"name":"wp","href":"https:\/\/api.w.org\/{rel}","templated":true}]}}