{"id":147130,"date":"2020-02-03T17:32:00","date_gmt":"2020-02-03T23:32:00","guid":{"rendered":"http:\/\/vertienteglobal.com\/?p=147130"},"modified":"2020-02-03T16:32:15","modified_gmt":"2020-02-03T22:32:15","slug":"consumir-cafe-podria-disminuir-riesgo-de-desarrollar-cancer-de-mama","status":"publish","type":"post","link":"http:\/\/vertienteglobal.com\/?p=147130","title":{"rendered":"Consumir caf\u00e9 podr\u00eda disminuir riesgo de desarrollar c\u00e1ncer de mama"},"content":{"rendered":"\n<div class=\"twitterbutton\" style=\"float: right; padding-left: 5px;\"><a href=\"http:\/\/twitter.com\/share\" class=\"twitter-share-button\" data-count=\"horizontal\" data-text=\"Consumir caf\u00e9 podr\u00eda disminuir riesgo de desarrollar c\u00e1ncer de mama\" data-via=\"https:\/\/twitter.com\/VertienteGloba1\" data-url=\"http:\/\/vertienteglobal.com\/?p=147130\" data-lang=\"es\" data-related=\"Informaci\u00f3n general:S\u00edguenos para que est\u00e9ss informado\"><\/a><\/div>\n<figure class=\"wp-block-image size-large\"><img loading=\"lazy\" decoding=\"async\" width=\"1024\" height=\"683\" src=\"http:\/\/vertienteglobal.com\/wp-content\/uploads\/2020\/02\/94120.jpg\" alt=\"\" class=\"wp-image-147132\" srcset=\"http:\/\/vertienteglobal.com\/wp-content\/uploads\/2020\/02\/94120.jpg 1024w, http:\/\/vertienteglobal.com\/wp-content\/uploads\/2020\/02\/94120-300x200.jpg 300w, http:\/\/vertienteglobal.com\/wp-content\/uploads\/2020\/02\/94120-150x100.jpg 150w, http:\/\/vertienteglobal.com\/wp-content\/uploads\/2020\/02\/94120-768x512.jpg 768w\" sizes=\"auto, (max-width: 1024px) 100vw, 1024px\" \/><\/figure>\n\n\n\n<p>(Redacci\u00f3n)<\/p>\n\n\n\n<p>Durante 10 a\u00f1os fueron evaluadas las mujeres y se les dividi\u00f3 en aquellas que consum\u00edan m\u00e1s de una taza de caf\u00e9 y aquellas que tomaban una o menos.<\/p>\n\n\n\n<p>Tras finalizar el estudio, se revel\u00f3 que 101 mujeres ten\u00edan c\u00e1ncer de mama<\/p>\n\n\n\n<p>Ciudad de M\u00e9xico a 03 de Febrero 2020.- Una investigaci\u00f3n realizada en la Universidad de Navarra, Espa\u00f1a y que se public\u00f3 en la revista m\u00e9dica European Journal of Nutrition, se\u00f1al\u00f3 que el consumo de caf\u00e9 podr\u00eda ocasionar un menor riesgo de desarrollar c\u00e1ncer de mama en mujeres postmenop\u00e1usicas.<\/p>\n\n\n\n<p>No necesariamente la cafe\u00edna es la que ayudar\u00eda a reducir el riesgo de tener c\u00e1ncer, sino otros componentes como los \u00e1cidos fen\u00f3licos, diterpenos o \u00e1cidos clorog\u00e9nicos, los cuales tienen efectos antioxidantes, antiinflamatorios y antitumorales.<\/p>\n\n\n\n<p>Fueron 10 mil 812 mujeres las que informaron sobre sus h\u00e1bitos de vida como el ejercicio f\u00edsico, historial m\u00e9dico y frecuencia de consumo de 136 alimentos, entre los que estaba el caf\u00e9.<\/p>\n\n\n\n<p>Durante 10 a\u00f1os fueron evaluadas las mujeres y se les dividi\u00f3 en aquellas que consum\u00edan m\u00e1s de una taza de caf\u00e9 y aquellas que tomaban una o menos.<\/p>\n\n\n\n<p>Tras finalizar el estudio, se revel\u00f3 que 101 mujeres ten\u00edan c\u00e1ncer de mama.<\/p>\n\n\n\n<p>A pesar de que los resultados no han encontrado una asociaci\u00f3n entre el consumo de caf\u00e9 y el c\u00e1ncer de mama, se encontr\u00f3 que tomar m\u00e1s de una taza al d\u00eda reduce el riesgo de dicha enfermedad en mujeres postmenop\u00e1usicas. (Fuente: excelsio)<\/p>\n","protected":false},"excerpt":{"rendered":"<p>(Redacci\u00f3n) Durante 10 a\u00f1os fueron evaluadas las mujeres y se les dividi\u00f3 en aquellas que consum\u00edan m\u00e1s de una taza de caf\u00e9 y aquellas que tomaban una o menos. Tras finalizar el estudio, se revel\u00f3 que 101 mujeres ten\u00edan c\u00e1ncer de mama Ciudad de M\u00e9xico a 03 de Febrero 2020.- Una investigaci\u00f3n realizada en la [&hellip;]<\/p>\n","protected":false},"author":1,"featured_media":147132,"comment_status":"open","ping_status":"open","sticky":false,"template":"","format":"standard","meta":{"footnotes":""},"categories":[8],"tags":[],"class_list":["post-147130","post","type-post","status-publish","format-standard","has-post-thumbnail","hentry","category-pais","entry","has-media"],"jetpack_featured_media_url":"http:\/\/vertienteglobal.com\/wp-content\/uploads\/2020\/02\/94120.jpg","_links":{"self":[{"href":"http:\/\/vertienteglobal.com\/index.php?rest_route=\/wp\/v2\/posts\/147130","targetHints":{"allow":["GET"]}}],"collection":[{"href":"http:\/\/vertienteglobal.com\/index.php?rest_route=\/wp\/v2\/posts"}],"about":[{"href":"http:\/\/vertienteglobal.com\/index.php?rest_route=\/wp\/v2\/types\/post"}],"author":[{"embeddable":true,"href":"http:\/\/vertienteglobal.com\/index.php?rest_route=\/wp\/v2\/users\/1"}],"replies":[{"embeddable":true,"href":"http:\/\/vertienteglobal.com\/index.php?rest_route=%2Fwp%2Fv2%2Fcomments&post=147130"}],"version-history":[{"count":0,"href":"http:\/\/vertienteglobal.com\/index.php?rest_route=\/wp\/v2\/posts\/147130\/revisions"}],"wp:featuredmedia":[{"embeddable":true,"href":"http:\/\/vertienteglobal.com\/index.php?rest_route=\/wp\/v2\/media\/147132"}],"wp:attachment":[{"href":"http:\/\/vertienteglobal.com\/index.php?rest_route=%2Fwp%2Fv2%2Fmedia&parent=147130"}],"wp:term":[{"taxonomy":"category","embeddable":true,"href":"http:\/\/vertienteglobal.com\/index.php?rest_route=%2Fwp%2Fv2%2Fcategories&post=147130"},{"taxonomy":"post_tag","embeddable":true,"href":"http:\/\/vertienteglobal.com\/index.php?rest_route=%2Fwp%2Fv2%2Ftags&post=147130"}],"curies":[{"name":"wp","href":"https:\/\/api.w.org\/{rel}","templated":true}]}}