{"id":147126,"date":"2020-02-03T16:52:00","date_gmt":"2020-02-03T22:52:00","guid":{"rendered":"http:\/\/vertienteglobal.com\/?p=147126"},"modified":"2020-02-03T16:29:40","modified_gmt":"2020-02-03T22:29:40","slug":"morena-en-san-lazaro-define-prioridades-legislativas","status":"publish","type":"post","link":"http:\/\/vertienteglobal.com\/?p=147126","title":{"rendered":"Morena en San L\u00e1zaro define prioridades legislativas"},"content":{"rendered":"\n<div class=\"twitterbutton\" style=\"float: right; padding-left: 5px;\"><a href=\"http:\/\/twitter.com\/share\" class=\"twitter-share-button\" data-count=\"horizontal\" data-text=\"Morena en San L\u00e1zaro define prioridades legislativas\" data-via=\"https:\/\/twitter.com\/VertienteGloba1\" data-url=\"http:\/\/vertienteglobal.com\/?p=147126\" data-lang=\"es\" data-related=\"Informaci\u00f3n general:S\u00edguenos para que est\u00e9ss informado\"><\/a><\/div>\n<figure class=\"wp-block-image size-large\"><img loading=\"lazy\" decoding=\"async\" width=\"1024\" height=\"683\" src=\"http:\/\/vertienteglobal.com\/wp-content\/uploads\/2020\/02\/1082558.jpg\" alt=\"\" class=\"wp-image-147128\" srcset=\"http:\/\/vertienteglobal.com\/wp-content\/uploads\/2020\/02\/1082558.jpg 1024w, http:\/\/vertienteglobal.com\/wp-content\/uploads\/2020\/02\/1082558-300x200.jpg 300w, http:\/\/vertienteglobal.com\/wp-content\/uploads\/2020\/02\/1082558-150x100.jpg 150w, http:\/\/vertienteglobal.com\/wp-content\/uploads\/2020\/02\/1082558-768x512.jpg 768w\" sizes=\"auto, (max-width: 1024px) 100vw, 1024px\" \/><\/figure>\n\n\n\n<p>(Redacci\u00f3n)<\/p>\n\n\n\n<p>Afirm\u00f3 que el pr\u00f3ximo 12 de febrero sostendr\u00e1n una reuni\u00f3n con el presidente Andr\u00e9s Manuel L\u00f3pez Obrador, a quien presentar\u00e1n la agenda legislativa que tiene como objetivo consolidar la Cuarta Transformaci\u00f3n.<\/p>\n\n\n\n<p>El l\u00edder de la bancada mayoritaria en San L\u00e1zaro record\u00f3 que ya fue presentada una iniciativa de reforma al art\u00edculo 4 de la Constituci\u00f3n para elevar a rango constitucional la pol\u00edtica social del gobierno federal<\/p>\n\n\n\n<p>Ciudad de M\u00e9xico a 03 de Febrero 2020.-  El coordinador de Morena en la C\u00e1mara de Diputados, Mario Delgado, enumer\u00f3 las prioridades legislativas que hay para el periodo de sesiones que inici\u00f3 el pasado s\u00e1bado 1 de febrero.<\/p>\n\n\n\n<p>Y es dio a conocer que entre las prioridades legislativas est\u00e1 el elevador a rango constitucional la pol\u00edtica social del gobierno federal, la reducci\u00f3n del financiamiento p\u00fablico a los partidos pol\u00edticos, la elecci\u00f3n de cuatro consejeros del Instituto Nacional Electoral (INE) y las reformas a la Ley Org\u00e1nica de la Fiscal\u00eda General de la Rep\u00fablica (FGR).<\/p>\n\n\n\n<p>Afirm\u00f3 que el pr\u00f3ximo 12 de febrero sostendr\u00e1n una reuni\u00f3n con el presidente Andr\u00e9s Manuel L\u00f3pez Obrador, a quien presentar\u00e1n la agenda legislativa que tiene como objetivo consolidar la Cuarta Transformaci\u00f3n.<\/p>\n\n\n\n<p>El l\u00edder de la bancada mayoritaria en San L\u00e1zaro record\u00f3 que ya fue presentada una iniciativa de reforma al art\u00edculo 4 de la Constituci\u00f3n para elevar a rango constitucional la pol\u00edtica social del gobierno federal.<\/p>\n\n\n\n<p>Se\u00f1al\u00f3 que lo anterior es con el objetivo de que la pensi\u00f3n para adultos mayores, la beca universal para j\u00f3venes en preparatoria y la pensi\u00f3n para personas con discapacidad se conviertan en derechos sociales permanentes y exigibles.<\/p>\n\n\n\n<p>\u00abVamos por la ampliaci\u00f3n de los derechos sociales en la Constituci\u00f3n; va a ser nuestra prioridad en este periodo legislativo\u00bb, apunt\u00f3.<\/p>\n\n\n\n<p>Delgados Carrillo asever\u00f3 que har\u00e1n todos los esfuerzos institucionales para que dicha iniciativa sea el primer dictamen a discutir en el Pleno de la C\u00e1mara.<\/p>\n\n\n\n<p>Coment\u00f3 que otro de los puntos principales para la agenda legislativa es la reforma constitucional para reducir en un 50 por ciento el financiamiento p\u00fablico a los partidos pol\u00edticos.<\/p>\n\n\n\n<p>Mario Delgado, tambi\u00e9n presidente de la Junta de Coordinaci\u00f3n Pol\u00edtica (Jucopo), expuso que seguir\u00e1n insistieron en el tema que durante el periodo de sesiones pasado no alcanz\u00f3 el consenso necesario.<\/p>\n\n\n\n<p>\u00abVamos a seguir insistiendo, vamos a tratar de convencer a todos los partidos de que es tiempo de dejar atr\u00e1s el despilfarro de recursos p\u00fablicos, que est\u00e1 claro que las elecciones no se ganan ya con dinero y que la gente est\u00e1 muy atenta a quien est\u00e1 apoyando esta iniciativa y qui\u00e9n no\u00bb.<\/p>\n\n\n\n<p>El diputado de Morena adelant\u00f3 que propondr\u00e1n nuevas f\u00f3rmulas a los partidos, a fin de alcanzar consensos.<\/p>\n\n\n\n<p>\u00abEn lugar de que sea 70-30 puede ser 60-40 o incluso 50-50, lo cual querr\u00eda decir que habr\u00eda m\u00e1s equidad en la distribuci\u00f3n\u00bb.<\/p>\n","protected":false},"excerpt":{"rendered":"<p>(Redacci\u00f3n) Afirm\u00f3 que el pr\u00f3ximo 12 de febrero sostendr\u00e1n una reuni\u00f3n con el presidente Andr\u00e9s Manuel L\u00f3pez Obrador, a quien presentar\u00e1n la agenda legislativa que tiene como objetivo consolidar la Cuarta Transformaci\u00f3n. El l\u00edder de la bancada mayoritaria en San L\u00e1zaro record\u00f3 que ya fue presentada una iniciativa de reforma al art\u00edculo 4 de la [&hellip;]<\/p>\n","protected":false},"author":6,"featured_media":147128,"comment_status":"open","ping_status":"open","sticky":false,"template":"","format":"standard","meta":{"footnotes":""},"categories":[8],"tags":[],"class_list":["post-147126","post","type-post","status-publish","format-standard","has-post-thumbnail","hentry","category-pais","entry","has-media"],"jetpack_featured_media_url":"http:\/\/vertienteglobal.com\/wp-content\/uploads\/2020\/02\/1082558.jpg","_links":{"self":[{"href":"http:\/\/vertienteglobal.com\/index.php?rest_route=\/wp\/v2\/posts\/147126","targetHints":{"allow":["GET"]}}],"collection":[{"href":"http:\/\/vertienteglobal.com\/index.php?rest_route=\/wp\/v2\/posts"}],"about":[{"href":"http:\/\/vertienteglobal.com\/index.php?rest_route=\/wp\/v2\/types\/post"}],"author":[{"embeddable":true,"href":"http:\/\/vertienteglobal.com\/index.php?rest_route=\/wp\/v2\/users\/6"}],"replies":[{"embeddable":true,"href":"http:\/\/vertienteglobal.com\/index.php?rest_route=%2Fwp%2Fv2%2Fcomments&post=147126"}],"version-history":[{"count":0,"href":"http:\/\/vertienteglobal.com\/index.php?rest_route=\/wp\/v2\/posts\/147126\/revisions"}],"wp:featuredmedia":[{"embeddable":true,"href":"http:\/\/vertienteglobal.com\/index.php?rest_route=\/wp\/v2\/media\/147128"}],"wp:attachment":[{"href":"http:\/\/vertienteglobal.com\/index.php?rest_route=%2Fwp%2Fv2%2Fmedia&parent=147126"}],"wp:term":[{"taxonomy":"category","embeddable":true,"href":"http:\/\/vertienteglobal.com\/index.php?rest_route=%2Fwp%2Fv2%2Fcategories&post=147126"},{"taxonomy":"post_tag","embeddable":true,"href":"http:\/\/vertienteglobal.com\/index.php?rest_route=%2Fwp%2Fv2%2Ftags&post=147126"}],"curies":[{"name":"wp","href":"https:\/\/api.w.org\/{rel}","templated":true}]}}