{"id":147038,"date":"2020-02-02T13:50:47","date_gmt":"2020-02-02T19:50:47","guid":{"rendered":"http:\/\/vertienteglobal.com\/?p=147038"},"modified":"2020-02-03T09:57:56","modified_gmt":"2020-02-03T15:57:56","slug":"puerto-de-veracruz-continua-siendo-numero-uno-en-manejo-de-vehiculos-en-el-pais","status":"publish","type":"post","link":"http:\/\/vertienteglobal.com\/?p=147038","title":{"rendered":"Puerto de Veracruz contin\u00faa siendo n\u00famero uno en manejo de veh\u00edculos en el pa\u00eds"},"content":{"rendered":"\n<div class=\"twitterbutton\" style=\"float: right; padding-left: 5px;\"><a href=\"http:\/\/twitter.com\/share\" class=\"twitter-share-button\" data-count=\"horizontal\" data-text=\"Puerto de Veracruz contin\u00faa siendo n\u00famero uno en manejo de veh\u00edculos en el pa...\" data-via=\"https:\/\/twitter.com\/VertienteGloba1\" data-url=\"http:\/\/vertienteglobal.com\/?p=147038\" data-lang=\"es\" data-related=\"Informaci\u00f3n general:S\u00edguenos para que est\u00e9ss informado\"><\/a><\/div>\n<figure class=\"wp-block-image size-large\"><img loading=\"lazy\" decoding=\"async\" width=\"1024\" height=\"683\" src=\"http:\/\/vertienteglobal.com\/wp-content\/uploads\/2020\/02\/1082348.jpg\" alt=\"\" class=\"wp-image-147040\" srcset=\"http:\/\/vertienteglobal.com\/wp-content\/uploads\/2020\/02\/1082348.jpg 1024w, http:\/\/vertienteglobal.com\/wp-content\/uploads\/2020\/02\/1082348-300x200.jpg 300w, http:\/\/vertienteglobal.com\/wp-content\/uploads\/2020\/02\/1082348-150x100.jpg 150w, http:\/\/vertienteglobal.com\/wp-content\/uploads\/2020\/02\/1082348-768x512.jpg 768w\" sizes=\"auto, (max-width: 1024px) 100vw, 1024px\" \/><\/figure>\n\n\n\n<p>(Redacci\u00f3n)<\/p>\n\n\n\n<p>Destac\u00f3 que a pesar de que a nivel mundial cay\u00f3 la venta de autom\u00f3viles, el movimiento de carga no decreci\u00f3 en la zona portuaria veracruzana pese a la situaci\u00f3n<\/p>\n\n\n\n<p>Veracruz, Veracruz a 02 de Febrero 2020.- El director de la Administraci\u00f3n Portuaria de Veracruz (Apiver), Miguel \u00c1ngel Y\u00e1\u00f1ez Monroy, dio conocer que el puerto de Veracruz contin\u00faa siendo el n\u00famero uno en manejo de veh\u00edculos del pa\u00eds.<\/p>\n\n\n\n<p>Adem\u00e1s, contin\u00faa catalogado dentro de los primeros diez puertos con mayor n\u00famero de veh\u00edculos a nivel internacional.<\/p>\n\n\n\n<p>Destac\u00f3 que a pesar de que a nivel mundial cay\u00f3 la venta de autom\u00f3viles, el movimiento de carga no decreci\u00f3 en la zona portuaria veracruzana pese a la situaci\u00f3n.<\/p>\n\n\n\n<p>\u201cHay que priorizar la posibilidad de que el cesionario pueda abrir un silo de autos que dar\u00e1 capacidad para almacenar otros 10 mil veh\u00edculos dentro de la instalaci\u00f3n que tendr\u00e1 7 niveles de alto que le dar\u00e1 holgura a toda la operaci\u00f3n de veh\u00edculos de importaci\u00f3n y exportaci\u00f3n\u201d, expres\u00f3.<\/p>\n\n\n\n<p>En granel agr\u00edcola, el puerto de Veracruz tambi\u00e9n se consolida como el n\u00famero uno a nivel nacional.<\/p>\n\n\n\n<p>\u201cEste rubro de carga creci\u00f3 este a\u00f1o 2.4 por ciento aproximadamente y en contenedores seguimos siendo tambi\u00e9n el n\u00famero uno en el litoral del golfo y que este a\u00f1o rebas\u00f3 el 1.1 millones de toneladas\u201d, dijo.<\/p>\n\n\n\n<p>Por \u00faltimo agreg\u00f3 que si bien no hubo crecimiento en la carga de contenedores, si se logr\u00f3 mantener el volumen de manejo en el puerto.<\/p>\n","protected":false},"excerpt":{"rendered":"<p>(Redacci\u00f3n) Destac\u00f3 que a pesar de que a nivel mundial cay\u00f3 la venta de autom\u00f3viles, el movimiento de carga no decreci\u00f3 en la zona portuaria veracruzana pese a la situaci\u00f3n Veracruz, Veracruz a 02 de Febrero 2020.- El director de la Administraci\u00f3n Portuaria de Veracruz (Apiver), Miguel \u00c1ngel Y\u00e1\u00f1ez Monroy, dio conocer que el puerto [&hellip;]<\/p>\n","protected":false},"author":6,"featured_media":147040,"comment_status":"open","ping_status":"open","sticky":false,"template":"","format":"standard","meta":{"footnotes":""},"categories":[7],"tags":[],"class_list":["post-147038","post","type-post","status-publish","format-standard","has-post-thumbnail","hentry","category-veracruz","entry","has-media"],"jetpack_featured_media_url":"http:\/\/vertienteglobal.com\/wp-content\/uploads\/2020\/02\/1082348.jpg","_links":{"self":[{"href":"http:\/\/vertienteglobal.com\/index.php?rest_route=\/wp\/v2\/posts\/147038","targetHints":{"allow":["GET"]}}],"collection":[{"href":"http:\/\/vertienteglobal.com\/index.php?rest_route=\/wp\/v2\/posts"}],"about":[{"href":"http:\/\/vertienteglobal.com\/index.php?rest_route=\/wp\/v2\/types\/post"}],"author":[{"embeddable":true,"href":"http:\/\/vertienteglobal.com\/index.php?rest_route=\/wp\/v2\/users\/6"}],"replies":[{"embeddable":true,"href":"http:\/\/vertienteglobal.com\/index.php?rest_route=%2Fwp%2Fv2%2Fcomments&post=147038"}],"version-history":[{"count":0,"href":"http:\/\/vertienteglobal.com\/index.php?rest_route=\/wp\/v2\/posts\/147038\/revisions"}],"wp:featuredmedia":[{"embeddable":true,"href":"http:\/\/vertienteglobal.com\/index.php?rest_route=\/wp\/v2\/media\/147040"}],"wp:attachment":[{"href":"http:\/\/vertienteglobal.com\/index.php?rest_route=%2Fwp%2Fv2%2Fmedia&parent=147038"}],"wp:term":[{"taxonomy":"category","embeddable":true,"href":"http:\/\/vertienteglobal.com\/index.php?rest_route=%2Fwp%2Fv2%2Fcategories&post=147038"},{"taxonomy":"post_tag","embeddable":true,"href":"http:\/\/vertienteglobal.com\/index.php?rest_route=%2Fwp%2Fv2%2Ftags&post=147038"}],"curies":[{"name":"wp","href":"https:\/\/api.w.org\/{rel}","templated":true}]}}