{"id":146945,"date":"2020-01-22T18:28:00","date_gmt":"2020-01-23T00:28:00","guid":{"rendered":"http:\/\/vertienteglobal.com\/?p=146945"},"modified":"2020-01-23T14:44:03","modified_gmt":"2020-01-23T20:44:03","slug":"lideres-evangelicos-en-yucatan-respaldan-trabajo-del-gobernador-mauricio-vila-dosal","status":"publish","type":"post","link":"http:\/\/vertienteglobal.com\/?p=146945","title":{"rendered":"L\u00edderes evang\u00e9licos en Yucat\u00e1n respaldan trabajo del Gobernador Mauricio Vila Dosal"},"content":{"rendered":"\n<div class=\"twitterbutton\" style=\"float: right; padding-left: 5px;\"><a href=\"http:\/\/twitter.com\/share\" class=\"twitter-share-button\" data-count=\"horizontal\" data-text=\"L\u00edderes evang\u00e9licos en Yucat\u00e1n respaldan trabajo del Gobernador Mauricio Vila...\" data-via=\"https:\/\/twitter.com\/VertienteGloba1\" data-url=\"http:\/\/vertienteglobal.com\/?p=146945\" data-lang=\"es\" data-related=\"Informaci\u00f3n general:S\u00edguenos para que est\u00e9ss informado\"><\/a><\/div>\n<figure class=\"wp-block-image size-large\"><img loading=\"lazy\" decoding=\"async\" width=\"600\" height=\"356\" src=\"http:\/\/vertienteglobal.com\/wp-content\/uploads\/2020\/01\/L\u00edderes-evang\u00e9licos-en-Yucat\u00e1n-respaldan-trabajo-del-Gobernador-Mauricio-Vila-Dosal.jpg\" alt=\"\" class=\"wp-image-146946\" srcset=\"http:\/\/vertienteglobal.com\/wp-content\/uploads\/2020\/01\/L\u00edderes-evang\u00e9licos-en-Yucat\u00e1n-respaldan-trabajo-del-Gobernador-Mauricio-Vila-Dosal.jpg 600w, http:\/\/vertienteglobal.com\/wp-content\/uploads\/2020\/01\/L\u00edderes-evang\u00e9licos-en-Yucat\u00e1n-respaldan-trabajo-del-Gobernador-Mauricio-Vila-Dosal-300x178.jpg 300w, http:\/\/vertienteglobal.com\/wp-content\/uploads\/2020\/01\/L\u00edderes-evang\u00e9licos-en-Yucat\u00e1n-respaldan-trabajo-del-Gobernador-Mauricio-Vila-Dosal-150x89.jpg 150w\" sizes=\"auto, (max-width: 600px) 100vw, 600px\" \/><\/figure>\n\n\n\n<p><strong>[Redacci\u00f3n]<\/strong><\/p>\n\n\n\n<p><strong><em>Los\npastores de las iglesias cristianas aseguraron que son aliados del Gobierno del\nEstado en la b\u00fasqueda del bien social y familiar<\/em><\/strong><\/p>\n\n\n\n<p><strong><em>Vila\nDosal resalta la labor de los dirigentes religiosos y sus iglesias en pro del\nbienestar del pueblo yucateco<\/em><\/strong><\/p>\n\n\n\n<p>M\u00e9rida,\nYucat\u00e1n.- Pastores y l\u00edderes de la comunidad evang\u00e9lica en Yucat\u00e1n manifestaron\nsu respaldo al trabajo del Gobernador Mauricio Vila Dosal y aseguraron que son\naliados de su administraci\u00f3n en la b\u00fasqueda del bien social y familiar para el\nprogreso del estado.<\/p>\n\n\n\n<p>Durante\nun encuentro de Vila Dosal con representantes de iglesias cristianas y\nevang\u00e9licas en el estado, los l\u00edderes religiosos expresaron que, desde su labor\ny junto con sus iglesias, tambi\u00e9n contribuyen a impulsar el desarrollo de\nYucat\u00e1n, por lo que reiteraron su apoyo al Gobierno del Estado en las acciones\nque lleva a cabo para mejorar las condiciones de vida de las familias, generar\ncrecimiento econ\u00f3mico, garantizar la seguridad y reducir la desigualdad.<\/p>\n\n\n\n<p>En\nnombre de la comunidad evang\u00e9lica en Yucat\u00e1n, el pastor Jes\u00fas de la Rosa\nresalt\u00f3 el trabajo incansable que el Gobernador ha realizado a lo largo de su\nprimer a\u00f1o de gesti\u00f3n para colocar a Yucat\u00e1n en los primeros lugares en materia\nde seguridad, econom\u00eda, generaci\u00f3n de empleos, transparencia, entre otros, as\u00ed\ncomo los esfuerzos hechos para mantener al estado como uno de los m\u00e1s seguros\ndel pa\u00eds, combatir las carencias sociales y mejorar los servicios de salud.<\/p>\n\n\n\n<p>\u00abEl\npueblo cristiano evang\u00e9lico, desde nuestra trinchera, somos part\u00edcipes del\ndesarrollo que vive Yucat\u00e1n. Tambi\u00e9n somos aliados del bien social y familiar\nque promueve su gobierno, por eso hacemos votos para que este a\u00f1o y los que\nest\u00e1n por venir sean de grandes victorias para el estado en las diferentes\n\u00e1reas\u00bb, asever\u00f3 el representante de la cofraternidad de iglesias\ncristianas en el estado.<\/p>\n\n\n\n<p>Al\ndirigir un mensaje, Vila Dosal resalt\u00f3 la labor que las iglesias y los pastores\ncristianos realizan por el bien de la sociedad, al tiempo que enfatiz\u00f3 la\nimportancia de mantener una relaci\u00f3n de respeto y comunicaci\u00f3n permanente\n\u00abporque sabemos que el trabajo con ustedes es fundamental\u00bb.<\/p>\n\n\n\n<p>En\nese marco, el Gobernador present\u00f3 los avances y logros alcanzados por su\nadministraci\u00f3n en su primer a\u00f1o de trabajo, en donde destac\u00f3 las acciones\nemprendidas en los 10 ejes para transformar a Yucat\u00e1n.<\/p>\n\n\n\n<p>Acompa\u00f1ado\nde la titular de la Secretar\u00eda General de Gobierno (SGG), Mar\u00eda Fritz Sierra,\nVila Dosal mencion\u00f3 uno por uno los esfuerzos hechos en materia de austeridad y\ntransparencia, m\u00e1s y mejores empleos, infraestructura, seguridad, combate a la\npobreza, salud, educaci\u00f3n, inclusi\u00f3n, campo, cultura y deporte, entre otros.<\/p>\n\n\n\n<p>A\nla reuni\u00f3n asistieron el subsecretario de Desarrollo Social y Asuntos\nReligiosos, V\u00edctor Hugo Lozano Poveda, los pastores V\u00edctor Villanueva\nAbuxapqui, Vicente Tun Vel\u00e1zquez, Manuel D\u00edaz S\u00e1nchez, Gaspar Valencia, entre\notros.<\/p>\n","protected":false},"excerpt":{"rendered":"<p>[Redacci\u00f3n] Los pastores de las iglesias cristianas aseguraron que son aliados del Gobierno del Estado en la b\u00fasqueda del bien social y familiar Vila Dosal resalta la labor de los dirigentes religiosos y sus iglesias en pro del bienestar del pueblo yucateco M\u00e9rida, Yucat\u00e1n.- Pastores y l\u00edderes de la comunidad evang\u00e9lica en Yucat\u00e1n manifestaron su [&hellip;]<\/p>\n","protected":false},"author":6,"featured_media":146946,"comment_status":"open","ping_status":"open","sticky":false,"template":"","format":"standard","meta":{"footnotes":""},"categories":[2],"tags":[],"class_list":["post-146945","post","type-post","status-publish","format-standard","has-post-thumbnail","hentry","category-yucatan","entry","has-media"],"jetpack_featured_media_url":"http:\/\/vertienteglobal.com\/wp-content\/uploads\/2020\/01\/L\u00edderes-evang\u00e9licos-en-Yucat\u00e1n-respaldan-trabajo-del-Gobernador-Mauricio-Vila-Dosal.jpg","_links":{"self":[{"href":"http:\/\/vertienteglobal.com\/index.php?rest_route=\/wp\/v2\/posts\/146945","targetHints":{"allow":["GET"]}}],"collection":[{"href":"http:\/\/vertienteglobal.com\/index.php?rest_route=\/wp\/v2\/posts"}],"about":[{"href":"http:\/\/vertienteglobal.com\/index.php?rest_route=\/wp\/v2\/types\/post"}],"author":[{"embeddable":true,"href":"http:\/\/vertienteglobal.com\/index.php?rest_route=\/wp\/v2\/users\/6"}],"replies":[{"embeddable":true,"href":"http:\/\/vertienteglobal.com\/index.php?rest_route=%2Fwp%2Fv2%2Fcomments&post=146945"}],"version-history":[{"count":0,"href":"http:\/\/vertienteglobal.com\/index.php?rest_route=\/wp\/v2\/posts\/146945\/revisions"}],"wp:featuredmedia":[{"embeddable":true,"href":"http:\/\/vertienteglobal.com\/index.php?rest_route=\/wp\/v2\/media\/146946"}],"wp:attachment":[{"href":"http:\/\/vertienteglobal.com\/index.php?rest_route=%2Fwp%2Fv2%2Fmedia&parent=146945"}],"wp:term":[{"taxonomy":"category","embeddable":true,"href":"http:\/\/vertienteglobal.com\/index.php?rest_route=%2Fwp%2Fv2%2Fcategories&post=146945"},{"taxonomy":"post_tag","embeddable":true,"href":"http:\/\/vertienteglobal.com\/index.php?rest_route=%2Fwp%2Fv2%2Ftags&post=146945"}],"curies":[{"name":"wp","href":"https:\/\/api.w.org\/{rel}","templated":true}]}}