{"id":146830,"date":"2020-01-06T09:50:00","date_gmt":"2020-01-06T15:50:00","guid":{"rendered":"http:\/\/vertienteglobal.com\/?p=146830"},"modified":"2020-01-08T11:08:01","modified_gmt":"2020-01-08T17:08:01","slug":"el-gobernador-mauricio-vila-dosal-asiste-a-celebracion-eucaristica-por-el-478-aniversario-de-merida","status":"publish","type":"post","link":"http:\/\/vertienteglobal.com\/?p=146830","title":{"rendered":"El Gobernador Mauricio Vila Dosal asiste a celebraci\u00f3n eucar\u00edstica por el 478 aniversario de M\u00e9rida"},"content":{"rendered":"\n<div class=\"twitterbutton\" style=\"float: right; padding-left: 5px;\"><a href=\"http:\/\/twitter.com\/share\" class=\"twitter-share-button\" data-count=\"horizontal\" data-text=\"El Gobernador Mauricio Vila Dosal asiste a celebraci\u00f3n eucar\u00edstica por el 478 ...\" data-via=\"https:\/\/twitter.com\/VertienteGloba1\" data-url=\"http:\/\/vertienteglobal.com\/?p=146830\" data-lang=\"es\" data-related=\"Informaci\u00f3n general:S\u00edguenos para que est\u00e9ss informado\"><\/a><\/div>\n<figure class=\"wp-block-image size-large\"><img loading=\"lazy\" decoding=\"async\" width=\"600\" height=\"399\" src=\"http:\/\/vertienteglobal.com\/wp-content\/uploads\/2020\/01\/El-Gobernador-Mauricio-Vila-Dosal-asiste-a-celebraci\u00f3n-eucar\u00edstica-por-el-478-aniversario-de-M\u00e9rida.jpg\" alt=\"\" class=\"wp-image-146831\" srcset=\"http:\/\/vertienteglobal.com\/wp-content\/uploads\/2020\/01\/El-Gobernador-Mauricio-Vila-Dosal-asiste-a-celebraci\u00f3n-eucar\u00edstica-por-el-478-aniversario-de-M\u00e9rida.jpg 600w, http:\/\/vertienteglobal.com\/wp-content\/uploads\/2020\/01\/El-Gobernador-Mauricio-Vila-Dosal-asiste-a-celebraci\u00f3n-eucar\u00edstica-por-el-478-aniversario-de-M\u00e9rida-300x200.jpg 300w, http:\/\/vertienteglobal.com\/wp-content\/uploads\/2020\/01\/El-Gobernador-Mauricio-Vila-Dosal-asiste-a-celebraci\u00f3n-eucar\u00edstica-por-el-478-aniversario-de-M\u00e9rida-150x100.jpg 150w\" sizes=\"auto, (max-width: 600px) 100vw, 600px\" \/><\/figure>\n\n\n\n<p><\/p>\n\n\n\n<p><strong>[Redacci\u00f3n]<\/strong><\/p>\n\n\n\n<p><strong><em>Con\nmotivo del 478 aniversario de la ciudad de M\u00e9rida, que se llev\u00f3 a cabo en la\nCatedral de San Ildefonso de la capital yucateca<\/em><\/strong><\/p>\n\n\n\n<p>M\u00e9rida,\nYucat\u00e1n.- El Gobernador Mauricio Vila Dosal acudi\u00f3 esta ma\u00f1ana, junto con\ncientos de meridanos, a las actividades religiosas con motivo del 478\naniversario de la ciudad de M\u00e9rida, que se llev\u00f3 a cabo en la Catedral de San\nIldefonso de la capital yucateca.<\/p>\n\n\n\n<p>Acompa\u00f1ado\ndel alcalde de esta ciudad, Ren\u00e1n Barrera Concha; de la secretaria general de\nGobierno, Mar\u00eda Fritz Sierra; el subsecretario de Desarrollo Social y Asuntos\nReligioso, V\u00edctor Hugo Lozano Poveda; Vila Dosal escuch\u00f3 la misa que ofici\u00f3 el\narzobispo de Yucat\u00e1n, Gustavo Rodr\u00edguez Vega.<\/p>\n","protected":false},"excerpt":{"rendered":"<p>[Redacci\u00f3n] Con motivo del 478 aniversario de la ciudad de M\u00e9rida, que se llev\u00f3 a cabo en la Catedral de San Ildefonso de la capital yucateca M\u00e9rida, Yucat\u00e1n.- El Gobernador Mauricio Vila Dosal acudi\u00f3 esta ma\u00f1ana, junto con cientos de meridanos, a las actividades religiosas con motivo del 478 aniversario de la ciudad de M\u00e9rida, [&hellip;]<\/p>\n","protected":false},"author":6,"featured_media":146831,"comment_status":"open","ping_status":"open","sticky":false,"template":"","format":"standard","meta":{"footnotes":""},"categories":[2],"tags":[],"class_list":["post-146830","post","type-post","status-publish","format-standard","has-post-thumbnail","hentry","category-yucatan","entry","has-media"],"jetpack_featured_media_url":"http:\/\/vertienteglobal.com\/wp-content\/uploads\/2020\/01\/El-Gobernador-Mauricio-Vila-Dosal-asiste-a-celebraci\u00f3n-eucar\u00edstica-por-el-478-aniversario-de-M\u00e9rida.jpg","_links":{"self":[{"href":"http:\/\/vertienteglobal.com\/index.php?rest_route=\/wp\/v2\/posts\/146830","targetHints":{"allow":["GET"]}}],"collection":[{"href":"http:\/\/vertienteglobal.com\/index.php?rest_route=\/wp\/v2\/posts"}],"about":[{"href":"http:\/\/vertienteglobal.com\/index.php?rest_route=\/wp\/v2\/types\/post"}],"author":[{"embeddable":true,"href":"http:\/\/vertienteglobal.com\/index.php?rest_route=\/wp\/v2\/users\/6"}],"replies":[{"embeddable":true,"href":"http:\/\/vertienteglobal.com\/index.php?rest_route=%2Fwp%2Fv2%2Fcomments&post=146830"}],"version-history":[{"count":0,"href":"http:\/\/vertienteglobal.com\/index.php?rest_route=\/wp\/v2\/posts\/146830\/revisions"}],"wp:featuredmedia":[{"embeddable":true,"href":"http:\/\/vertienteglobal.com\/index.php?rest_route=\/wp\/v2\/media\/146831"}],"wp:attachment":[{"href":"http:\/\/vertienteglobal.com\/index.php?rest_route=%2Fwp%2Fv2%2Fmedia&parent=146830"}],"wp:term":[{"taxonomy":"category","embeddable":true,"href":"http:\/\/vertienteglobal.com\/index.php?rest_route=%2Fwp%2Fv2%2Fcategories&post=146830"},{"taxonomy":"post_tag","embeddable":true,"href":"http:\/\/vertienteglobal.com\/index.php?rest_route=%2Fwp%2Fv2%2Ftags&post=146830"}],"curies":[{"name":"wp","href":"https:\/\/api.w.org\/{rel}","templated":true}]}}