{"id":146696,"date":"2019-12-31T18:40:00","date_gmt":"2020-01-01T00:40:00","guid":{"rendered":"http:\/\/vertienteglobal.com\/?p=146696"},"modified":"2020-01-01T20:25:59","modified_gmt":"2020-01-02T02:25:59","slug":"centennials-la-generacion-digital-respetuosa-pragmatica-y-trabajadora-estudio","status":"publish","type":"post","link":"http:\/\/vertienteglobal.com\/?p=146696","title":{"rendered":"Centennials, la generaci\u00f3n digital, respetuosa, pragm\u00e1tica y trabajadora: Estudio"},"content":{"rendered":"\n<div class=\"twitterbutton\" style=\"float: right; padding-left: 5px;\"><a href=\"http:\/\/twitter.com\/share\" class=\"twitter-share-button\" data-count=\"horizontal\" data-text=\"Centennials, la generaci\u00f3n digital, respetuosa, pragm\u00e1tica y trabajadora: Estu...\" data-via=\"https:\/\/twitter.com\/VertienteGloba1\" data-url=\"http:\/\/vertienteglobal.com\/?p=146696\" data-lang=\"es\" data-related=\"Informaci\u00f3n general:S\u00edguenos para que est\u00e9ss informado\"><\/a><\/div>\n<figure class=\"wp-block-image size-large\"><img loading=\"lazy\" decoding=\"async\" width=\"600\" height=\"351\" src=\"http:\/\/vertienteglobal.com\/wp-content\/uploads\/2020\/01\/Centennials.jpg\" alt=\"\" class=\"wp-image-146697\" srcset=\"http:\/\/vertienteglobal.com\/wp-content\/uploads\/2020\/01\/Centennials.jpg 600w, http:\/\/vertienteglobal.com\/wp-content\/uploads\/2020\/01\/Centennials-300x176.jpg 300w, http:\/\/vertienteglobal.com\/wp-content\/uploads\/2020\/01\/Centennials-150x88.jpg 150w\" sizes=\"auto, (max-width: 600px) 100vw, 600px\" \/><\/figure>\n\n\n\n<p><strong>[Redacci\u00f3n]<\/strong><\/p>\n\n\n\n<p><strong><em>El\nestudio arroja una generaci\u00f3n posmilenica o centuria que no titubea, sabe cu\u00e1l\nes su vocaci\u00f3n, c\u00f3mo lograrlo y trabajarlo<\/em><\/strong><\/p>\n\n\n\n<p>Ciudad\nde M\u00e9xico.- Los Centennialns o Centuria, la generaci\u00f3n nacida despu\u00e9s de 1995,\nson la primera ciento por ciento digital, pues tuvo acceso directo a la\ntecnolog\u00edas de la informaci\u00f3n y a diferencia de los conocidos Millennials, no\nsolo maneja redes sociales, las usa para solucionar su vida laboral, igual\nsue\u00f1a con viajar por el mundo, pero sabe que eso solo se logra con trabajo.<\/p>\n\n\n\n<p>En\nentrevista con Notimex, Carolina Borracchia, directora acad\u00e9mica del programa\n\u201cGesti\u00f3n de Marca Empleadora\u201d e investigadora de la Universidad Torcuarti Di\nTella, habla del estudio que se realiz\u00f3 a cinco mil 531 los j\u00f3venes\nlatinoamericanos, entre ellos mexicanos, en un rango de 18 a 23 a\u00f1os, durante\nlos meses de agosto y septiembre de 2018.<\/p>\n\n\n\n<p>El\nestudio arroja una generaci\u00f3n posmilenica o centuria que no titubea, sabe cu\u00e1l\nes su vocaci\u00f3n, c\u00f3mo lograrlo y trabajarlo.<\/p>\n\n\n\n<p>Expuso\nque detr\u00e1s de la investigaci\u00f3n llamada \u201cSomos Centennials\u201d hay un equipo\ndiverso, pero por sobre todas las cosas, latinoamericano, que busc\u00f3 conocer a\nla nueva generaci\u00f3n de pa\u00edses como Argentina, Chile, Uruguay, Bolivia, Per\u00fa,\nEcuador, Venezuela, Panam\u00e1 y M\u00e9xico.<\/p>\n\n\n\n<p>Del\nestudio surgen las diferencias, pues \u201cpareciera que todo lo que se ha dicho\nsobre los Centennials estuviera definido en contraposici\u00f3n a los tan\ncuestionados Millennials\u201d.<\/p>\n\n\n\n<p>Y\nes que la investigaci\u00f3n muestra que las diferencias m\u00e1s claras entre las\ncitadas generaciones son en temas digitales; los Millennials comentan mucho de\nlas redes sociales, los Centennials no solo saben de redes sociales, buscan las\naplicaciones o apps enfocadas en temas de soluci\u00f3n de problemas o que les\nfaciliten la parte laboral, es decir, son m\u00e1s pragm\u00e1ticos.<\/p>\n\n\n\n<p>Se\u00f1al\u00f3\nque los Centennials muestran mayor capacidad de transmitir conocimientos e\ninformaci\u00f3n, son colaborativos, mientras que los Millennials buscan imponerse o\ntomar un rol de l\u00edder y no de colaboraci\u00f3n.<\/p>\n\n\n\n<p>En\nel caso de los j\u00f3venes mexicanos, la investigaci\u00f3n encabezada por Carolina\nBorracchia revela que la generaci\u00f3n centuria est\u00e1 preocupada o limitada por la\nfalta de dinero y no tener empleo en 73 por ciento; le siguen como limitante,\nla falta de experiencia laboral con 52 por ciento, el no tener movilidad propia\n26 por ciento y tambi\u00e9n los limita tener que pedirle dinero a sus padres, con\nuna incidencia de 24 por ciento.<\/p>\n\n\n\n<p>Destaca\nque 95 por ciento de los Centennials tiene una autoestima entre normal, alta y\nmuy alta y s\u00f3lo el 4.0 por ciento de estos j\u00f3venes mexicanos se siente mal en\ncuanto valorarse. Adem\u00e1s, solo 35 por ciento de la generaci\u00f3n posmillennials se\nsiente ansiosa contra 45 por ciento que se siente tranquila, siendo los\nmexicanos menos ansiosos que el resto de Latinoam\u00e9rica.<\/p>\n\n\n\n<p>Seg\u00fan\nlos resultados del estudio, la nueva generaci\u00f3n busca como prioridad trabajar\nen 81 por ciento, en segundo lugar, viajar por el mundo 65 por ciento y\nestudiar o terminar sus estudios, con 62 por ciento. Ellos saben seg\u00fan la\ninvestigaci\u00f3n, que \u201cel futuro, depende en gran medida del esfuerzo y los\nestudios que ellos realicen\u201d.<\/p>\n\n\n\n<p>Esta\nnueva generaci\u00f3n, seg\u00fan la investigaci\u00f3n, no se confronta con sus padres aunque\nno piense como ellos, m\u00e1s all\u00e1, sienten admiraci\u00f3n hacia sus padres, est\u00e1n\nabiertos a escuchar y al di\u00e1logo, pues creen que sus prioridades en la vida son\nlas mismas y tienen sus mismos objetivos.<\/p>\n\n\n\n<p>Adem\u00e1s,\nreconocen que para sus padres el trabajo ten\u00eda un sentido de sacrificio y\nesfuerzo, pues consideran que fue a trav\u00e9s de ese esfuerzo como tuvieron la\nposibilidad de garantizar el futuro de sus hijos.<\/p>\n\n\n\n<p>Concluy\u00f3\nque la generaci\u00f3n de los Centennials ve al trabajo como un medio para ganar\ndinero y como la posibilidad de progresar, desarrollarse y aprender. Para los\nCentennials mexicanos, lo importante es tener una carrera o una profesi\u00f3n,\ntrabajar por su cuenta y hasta emprender.(Fuente: Notimex)<\/p>\n","protected":false},"excerpt":{"rendered":"<p>[Redacci\u00f3n] El estudio arroja una generaci\u00f3n posmilenica o centuria que no titubea, sabe cu\u00e1l es su vocaci\u00f3n, c\u00f3mo lograrlo y trabajarlo Ciudad de M\u00e9xico.- Los Centennialns o Centuria, la generaci\u00f3n nacida despu\u00e9s de 1995, son la primera ciento por ciento digital, pues tuvo acceso directo a la tecnolog\u00edas de la informaci\u00f3n y a diferencia de [&hellip;]<\/p>\n","protected":false},"author":1,"featured_media":146697,"comment_status":"open","ping_status":"open","sticky":false,"template":"","format":"standard","meta":{"footnotes":""},"categories":[8],"tags":[],"class_list":["post-146696","post","type-post","status-publish","format-standard","has-post-thumbnail","hentry","category-pais","entry","has-media"],"jetpack_featured_media_url":"http:\/\/vertienteglobal.com\/wp-content\/uploads\/2020\/01\/Centennials.jpg","_links":{"self":[{"href":"http:\/\/vertienteglobal.com\/index.php?rest_route=\/wp\/v2\/posts\/146696","targetHints":{"allow":["GET"]}}],"collection":[{"href":"http:\/\/vertienteglobal.com\/index.php?rest_route=\/wp\/v2\/posts"}],"about":[{"href":"http:\/\/vertienteglobal.com\/index.php?rest_route=\/wp\/v2\/types\/post"}],"author":[{"embeddable":true,"href":"http:\/\/vertienteglobal.com\/index.php?rest_route=\/wp\/v2\/users\/1"}],"replies":[{"embeddable":true,"href":"http:\/\/vertienteglobal.com\/index.php?rest_route=%2Fwp%2Fv2%2Fcomments&post=146696"}],"version-history":[{"count":0,"href":"http:\/\/vertienteglobal.com\/index.php?rest_route=\/wp\/v2\/posts\/146696\/revisions"}],"wp:featuredmedia":[{"embeddable":true,"href":"http:\/\/vertienteglobal.com\/index.php?rest_route=\/wp\/v2\/media\/146697"}],"wp:attachment":[{"href":"http:\/\/vertienteglobal.com\/index.php?rest_route=%2Fwp%2Fv2%2Fmedia&parent=146696"}],"wp:term":[{"taxonomy":"category","embeddable":true,"href":"http:\/\/vertienteglobal.com\/index.php?rest_route=%2Fwp%2Fv2%2Fcategories&post=146696"},{"taxonomy":"post_tag","embeddable":true,"href":"http:\/\/vertienteglobal.com\/index.php?rest_route=%2Fwp%2Fv2%2Ftags&post=146696"}],"curies":[{"name":"wp","href":"https:\/\/api.w.org\/{rel}","templated":true}]}}