{"id":146585,"date":"2019-12-28T18:50:00","date_gmt":"2019-12-29T00:50:00","guid":{"rendered":"http:\/\/vertienteglobal.com\/?p=146585"},"modified":"2019-12-29T22:03:33","modified_gmt":"2019-12-30T04:03:33","slug":"cancer-de-mama-el-mas-frecuente-y-agresivo-en-jovenes-mexicanas","status":"publish","type":"post","link":"http:\/\/vertienteglobal.com\/?p=146585","title":{"rendered":"C\u00e1ncer de mama, el m\u00e1s frecuente y agresivo en j\u00f3venes mexicanas"},"content":{"rendered":"\n<div class=\"twitterbutton\" style=\"float: right; padding-left: 5px;\"><a href=\"http:\/\/twitter.com\/share\" class=\"twitter-share-button\" data-count=\"horizontal\" data-text=\"C\u00e1ncer de mama, el m\u00e1s frecuente y agresivo en j\u00f3venes mexicanas\" data-via=\"https:\/\/twitter.com\/VertienteGloba1\" data-url=\"http:\/\/vertienteglobal.com\/?p=146585\" data-lang=\"es\" data-related=\"Informaci\u00f3n general:S\u00edguenos para que est\u00e9ss informado\"><\/a><\/div>\n<figure class=\"wp-block-image size-large\"><img loading=\"lazy\" decoding=\"async\" width=\"600\" height=\"348\" src=\"http:\/\/vertienteglobal.com\/wp-content\/uploads\/2019\/12\/C\u00e1ncer-de-mama.jpg\" alt=\"\" class=\"wp-image-146586\" srcset=\"http:\/\/vertienteglobal.com\/wp-content\/uploads\/2019\/12\/C\u00e1ncer-de-mama.jpg 600w, http:\/\/vertienteglobal.com\/wp-content\/uploads\/2019\/12\/C\u00e1ncer-de-mama-300x174.jpg 300w, http:\/\/vertienteglobal.com\/wp-content\/uploads\/2019\/12\/C\u00e1ncer-de-mama-150x87.jpg 150w\" sizes=\"auto, (max-width: 600px) 100vw, 600px\" \/><\/figure>\n\n\n\n<p><strong>[Redacci\u00f3n]<\/strong><\/p>\n\n\n\n<p><strong><em>La\nespecialista destac\u00f3 que, en las mujeres j\u00f3venes, los antecedentes familiares\nde c\u00e1ncer son el factor de riesgo m\u00e1s importante, por lo que en estos casos el\n\u201cdiagn\u00f3stico gen\u00e9tico permite tomar decisiones informadas sobre el seguimiento\ny tratamiento\u201d y tambi\u00e9n \u201cposibilita la identificaci\u00f3n de familiares portadores\nde la mutaci\u00f3n para tomar medidas de prevenci\u00f3n primaria\u201d<\/em><\/strong><\/p>\n\n\n\n<p>Ciudad\nde M\u00e9xico.- El c\u00e1ncer de mama es \u201cun tumor desafiante para la salud de las\nj\u00f3venes mexicanas\u201d, ya que es el m\u00e1s diagnosticado en las mujeres de 40 a\u00f1os o\nmenos y la principal causa de muerte en este grupo de edad, se\u00f1al\u00f3 Liliana\nG\u00f3mez Flores Ramos, investigadora del Consejo Nacional de Ciencia y Tecnolog\u00eda\n(Conacyt).<\/p>\n\n\n\n<p>Indic\u00f3\nque en el pa\u00eds se presentan alrededor de tres mil casos anuales en poblaci\u00f3n\njuvenil y que las mujeres diagnosticadas con c\u00e1ncer de mama en M\u00e9xico son en\npromedio 10 a\u00f1os m\u00e1s j\u00f3venes que las que reciben esta misma noticia en Canad\u00e1 y\nEstados Unidos.<\/p>\n\n\n\n<p>Que\nlos tumores mamarios representen un desaf\u00edo para la salud de las j\u00f3venes, se\ndebe tambi\u00e9n a que en ellas crecen m\u00e1s r\u00e1pido y son m\u00e1s agresivos y a que\nsuelen ser diagnosticados en etapas m\u00e1s avanzadas, abund\u00f3 la autora del\nproyecto \u00abBiomarcadores moleculares en mujeres j\u00f3venes con c\u00e1ncer de\nmama\u00bb.<\/p>\n\n\n\n<p>Al\nrespecto, refiri\u00f3 que estudios realizados en el Instituto Nacional de\nCancerolog\u00eda muestran que las mujeres j\u00f3venes presentan mayor retraso en el\ndiagn\u00f3stico en comparaci\u00f3n con las mujeres mayores de 40 a\u00f1os, lo que se\nexplica por la falta de sospecha de c\u00e1ncer en el primer servicio de salud\nconsultado.<\/p>\n\n\n\n<p>La\nespecialista destac\u00f3 que, en las mujeres j\u00f3venes, los antecedentes familiares\nde c\u00e1ncer son el factor de riesgo m\u00e1s importante, por lo que en estos casos el\n\u201cdiagn\u00f3stico gen\u00e9tico permite tomar decisiones informadas sobre el seguimiento\ny tratamiento\u201d y tambi\u00e9n \u201cposibilita la identificaci\u00f3n de familiares portadores\nde la mutaci\u00f3n para tomar medidas de prevenci\u00f3n primaria\u201d.<\/p>\n\n\n\n<p>Flores\nRamos recomend\u00f3 acompa\u00f1amiento psico-oncol\u00f3gico para estas pacientes, quienes\nsuelen experimentar angustia y depresi\u00f3n, asociados con las intervenciones\noncol\u00f3gicas, con la amenaza continua de recurrencia de la enfermedad y de muerte\ny particularmente con la vulnerabilidad que sienten al ser diagnosticadas en\nuna etapa donde est\u00e1n consolidando proyectos profesionales, personales y\nfamiliares.<\/p>\n\n\n\n<p>Asimismo,\ninform\u00f3 que un estilo de vida saludable que incluya actividad f\u00edsica, baja ingesta\nde grasas y alimentos procesados y que evite el consumo de tabaco y alcohol\npuede disminuir el riesgo de c\u00e1ncer de mama hasta 50 por ciento, mientras que\nla lactancia materna durante un a\u00f1o lo reduce 4.3 por ciento.<\/p>\n\n\n\n<p>\u201cLa\ncreciente incidencia y mortalidad de c\u00e1ncer de mama entre las mujeres\nlatinoamericanas j\u00f3venes es un llamado a la acci\u00f3n de programas nacionales\nenfocados en la lucha contra el c\u00e1ncer de mama. Adem\u00e1s, se deben implementar\nunidades especializadas para brindar una mejor atenci\u00f3n a este grupo de mujeres\naltamente vulnerable\u201d, apunt\u00f3 la investigadora. (Fuente: Notimex)<\/p>\n","protected":false},"excerpt":{"rendered":"<p>[Redacci\u00f3n] La especialista destac\u00f3 que, en las mujeres j\u00f3venes, los antecedentes familiares de c\u00e1ncer son el factor de riesgo m\u00e1s importante, por lo que en estos casos el \u201cdiagn\u00f3stico gen\u00e9tico permite tomar decisiones informadas sobre el seguimiento y tratamiento\u201d y tambi\u00e9n \u201cposibilita la identificaci\u00f3n de familiares portadores de la mutaci\u00f3n para tomar medidas de prevenci\u00f3n [&hellip;]<\/p>\n","protected":false},"author":1,"featured_media":146586,"comment_status":"open","ping_status":"open","sticky":false,"template":"","format":"standard","meta":{"footnotes":""},"categories":[8],"tags":[],"class_list":["post-146585","post","type-post","status-publish","format-standard","has-post-thumbnail","hentry","category-pais","entry","has-media"],"jetpack_featured_media_url":"http:\/\/vertienteglobal.com\/wp-content\/uploads\/2019\/12\/C\u00e1ncer-de-mama.jpg","_links":{"self":[{"href":"http:\/\/vertienteglobal.com\/index.php?rest_route=\/wp\/v2\/posts\/146585","targetHints":{"allow":["GET"]}}],"collection":[{"href":"http:\/\/vertienteglobal.com\/index.php?rest_route=\/wp\/v2\/posts"}],"about":[{"href":"http:\/\/vertienteglobal.com\/index.php?rest_route=\/wp\/v2\/types\/post"}],"author":[{"embeddable":true,"href":"http:\/\/vertienteglobal.com\/index.php?rest_route=\/wp\/v2\/users\/1"}],"replies":[{"embeddable":true,"href":"http:\/\/vertienteglobal.com\/index.php?rest_route=%2Fwp%2Fv2%2Fcomments&post=146585"}],"version-history":[{"count":0,"href":"http:\/\/vertienteglobal.com\/index.php?rest_route=\/wp\/v2\/posts\/146585\/revisions"}],"wp:featuredmedia":[{"embeddable":true,"href":"http:\/\/vertienteglobal.com\/index.php?rest_route=\/wp\/v2\/media\/146586"}],"wp:attachment":[{"href":"http:\/\/vertienteglobal.com\/index.php?rest_route=%2Fwp%2Fv2%2Fmedia&parent=146585"}],"wp:term":[{"taxonomy":"category","embeddable":true,"href":"http:\/\/vertienteglobal.com\/index.php?rest_route=%2Fwp%2Fv2%2Fcategories&post=146585"},{"taxonomy":"post_tag","embeddable":true,"href":"http:\/\/vertienteglobal.com\/index.php?rest_route=%2Fwp%2Fv2%2Ftags&post=146585"}],"curies":[{"name":"wp","href":"https:\/\/api.w.org\/{rel}","templated":true}]}}