{"id":146525,"date":"2019-12-26T14:29:00","date_gmt":"2019-12-26T20:29:00","guid":{"rendered":"http:\/\/vertienteglobal.com\/?p=146525"},"modified":"2019-12-26T22:27:17","modified_gmt":"2019-12-27T04:27:17","slug":"siembran-mariguana-en-el-angel-de-la-independencia-en-ciudad-de-mexico","status":"publish","type":"post","link":"http:\/\/vertienteglobal.com\/?p=146525","title":{"rendered":"Siembran mariguana en el \u00c1ngel de la Independencia, en Ciudad de M\u00e9xico"},"content":{"rendered":"\n<div class=\"twitterbutton\" style=\"float: right; padding-left: 5px;\"><a href=\"http:\/\/twitter.com\/share\" class=\"twitter-share-button\" data-count=\"horizontal\" data-text=\"Siembran mariguana en el \u00c1ngel de la Independencia, en Ciudad de M\u00e9xico\" data-via=\"https:\/\/twitter.com\/VertienteGloba1\" data-url=\"http:\/\/vertienteglobal.com\/?p=146525\" data-lang=\"es\" data-related=\"Informaci\u00f3n general:S\u00edguenos para que est\u00e9ss informado\"><\/a><\/div>\n<figure class=\"wp-block-image size-large\"><img loading=\"lazy\" decoding=\"async\" width=\"600\" height=\"359\" src=\"http:\/\/vertienteglobal.com\/wp-content\/uploads\/2019\/12\/mariguana-angel.png\" alt=\"\" class=\"wp-image-146526\" srcset=\"http:\/\/vertienteglobal.com\/wp-content\/uploads\/2019\/12\/mariguana-angel.png 600w, http:\/\/vertienteglobal.com\/wp-content\/uploads\/2019\/12\/mariguana-angel-300x180.png 300w, http:\/\/vertienteglobal.com\/wp-content\/uploads\/2019\/12\/mariguana-angel-150x90.png 150w\" sizes=\"auto, (max-width: 600px) 100vw, 600px\" \/><\/figure>\n\n\n\n<p><strong>[Redacci\u00f3n] <\/strong><\/p>\n\n\n\n<p><strong><em>El\npresidente de la asociaci\u00f3n, Leopoldo Rivera, asegura que la siembra de la\nplanta de marihuana fue un acto de protesta pac\u00edfica<\/em><\/strong><\/p>\n\n\n\n<p>Ciudad\nde M\u00e9xico.- Los integrantes del Movimiento Cann\u00e1bico Mexicano sembraron una\nplanta de mariguana en el \u00c1ngel de la Independencia y adem\u00e1s, colocaron una\n\u201cCarta a Santa\u201d en las vallas que resguardan el monumento, para exponer su\nperspectiva en el tema de la regulaci\u00f3n del cannabis.<\/p>\n\n\n\n<p>El\npresidente de la asociaci\u00f3n, Leopoldo Rivera, asegura que la siembra de la\nplanta de marihuana fue un acto de protesta pac\u00edfica.<\/p>\n\n\n\n<p>Se\u00f1alan\nque la hierba fue sembrada el 23 de diciembre y se pidi\u00f3 a las autoridades\ncapitalinas cuidarla.<\/p>\n\n\n\n<p>Pidieron\nque se autorice el cultivo personal sin fines de lucro, que se den espacios de\nconsumo seguro y que no se criminalice la portaci\u00f3n, adem\u00e1s de un trato digno a\nquienes fuman la planta.<\/p>\n","protected":false},"excerpt":{"rendered":"<p>[Redacci\u00f3n] El presidente de la asociaci\u00f3n, Leopoldo Rivera, asegura que la siembra de la planta de marihuana fue un acto de protesta pac\u00edfica Ciudad de M\u00e9xico.- Los integrantes del Movimiento Cann\u00e1bico Mexicano sembraron una planta de mariguana en el \u00c1ngel de la Independencia y adem\u00e1s, colocaron una \u201cCarta a Santa\u201d en las vallas que resguardan [&hellip;]<\/p>\n","protected":false},"author":1,"featured_media":146526,"comment_status":"open","ping_status":"open","sticky":false,"template":"","format":"standard","meta":{"footnotes":""},"categories":[8],"tags":[],"class_list":["post-146525","post","type-post","status-publish","format-standard","has-post-thumbnail","hentry","category-pais","entry","has-media"],"jetpack_featured_media_url":"http:\/\/vertienteglobal.com\/wp-content\/uploads\/2019\/12\/mariguana-angel.png","_links":{"self":[{"href":"http:\/\/vertienteglobal.com\/index.php?rest_route=\/wp\/v2\/posts\/146525","targetHints":{"allow":["GET"]}}],"collection":[{"href":"http:\/\/vertienteglobal.com\/index.php?rest_route=\/wp\/v2\/posts"}],"about":[{"href":"http:\/\/vertienteglobal.com\/index.php?rest_route=\/wp\/v2\/types\/post"}],"author":[{"embeddable":true,"href":"http:\/\/vertienteglobal.com\/index.php?rest_route=\/wp\/v2\/users\/1"}],"replies":[{"embeddable":true,"href":"http:\/\/vertienteglobal.com\/index.php?rest_route=%2Fwp%2Fv2%2Fcomments&post=146525"}],"version-history":[{"count":0,"href":"http:\/\/vertienteglobal.com\/index.php?rest_route=\/wp\/v2\/posts\/146525\/revisions"}],"wp:featuredmedia":[{"embeddable":true,"href":"http:\/\/vertienteglobal.com\/index.php?rest_route=\/wp\/v2\/media\/146526"}],"wp:attachment":[{"href":"http:\/\/vertienteglobal.com\/index.php?rest_route=%2Fwp%2Fv2%2Fmedia&parent=146525"}],"wp:term":[{"taxonomy":"category","embeddable":true,"href":"http:\/\/vertienteglobal.com\/index.php?rest_route=%2Fwp%2Fv2%2Fcategories&post=146525"},{"taxonomy":"post_tag","embeddable":true,"href":"http:\/\/vertienteglobal.com\/index.php?rest_route=%2Fwp%2Fv2%2Ftags&post=146525"}],"curies":[{"name":"wp","href":"https:\/\/api.w.org\/{rel}","templated":true}]}}