{"id":146430,"date":"2019-12-21T20:32:00","date_gmt":"2019-12-22T02:32:00","guid":{"rendered":"http:\/\/vertienteglobal.com\/?p=146430"},"modified":"2019-12-24T17:39:11","modified_gmt":"2019-12-24T23:39:11","slug":"facebook-ya-no-usara-numeros-de-telefono-para-dar-sugerencias-de-amistad","status":"publish","type":"post","link":"http:\/\/vertienteglobal.com\/?p=146430","title":{"rendered":"Facebook ya no usar\u00e1 n\u00fameros de tel\u00e9fono para dar sugerencias de amistad"},"content":{"rendered":"\n<div class=\"twitterbutton\" style=\"float: right; padding-left: 5px;\"><a href=\"http:\/\/twitter.com\/share\" class=\"twitter-share-button\" data-count=\"horizontal\" data-text=\"Facebook ya no usar\u00e1 n\u00fameros de tel\u00e9fono para dar sugerencias de amistad\" data-via=\"https:\/\/twitter.com\/VertienteGloba1\" data-url=\"http:\/\/vertienteglobal.com\/?p=146430\" data-lang=\"es\" data-related=\"Informaci\u00f3n general:S\u00edguenos para que est\u00e9ss informado\"><\/a><\/div>\n<figure class=\"wp-block-image size-large\"><img loading=\"lazy\" decoding=\"async\" width=\"600\" height=\"357\" src=\"http:\/\/vertienteglobal.com\/wp-content\/uploads\/2019\/12\/Facebook-ya-no-usar\u00e1-n\u00fameros-de-tel\u00e9fono.jpg\" alt=\"\" class=\"wp-image-146431\" srcset=\"http:\/\/vertienteglobal.com\/wp-content\/uploads\/2019\/12\/Facebook-ya-no-usar\u00e1-n\u00fameros-de-tel\u00e9fono.jpg 600w, http:\/\/vertienteglobal.com\/wp-content\/uploads\/2019\/12\/Facebook-ya-no-usar\u00e1-n\u00fameros-de-tel\u00e9fono-300x179.jpg 300w, http:\/\/vertienteglobal.com\/wp-content\/uploads\/2019\/12\/Facebook-ya-no-usar\u00e1-n\u00fameros-de-tel\u00e9fono-150x89.jpg 150w\" sizes=\"auto, (max-width: 600px) 100vw, 600px\" \/><\/figure>\n\n\n\n<p><strong>[Redacci\u00f3n]<\/strong><\/p>\n\n\n\n<p><strong><em>Esto\nresponde a un acuerdo de privacidad de cinco mil millones de d\u00f3lares al que\nlleg\u00f3 Facebook con la Comisi\u00f3n Federal de Comercio de Estados Unidos en julio\nsobre las pr\u00e1cticas de privacidad de la red social<\/em><\/strong><\/p>\n\n\n\n<p>Ciudad\nde M\u00e9xico.- Facebook inform\u00f3 que ya no usar\u00e1 los n\u00fameros de tel\u00e9fono de sus\nusuarios, procedentes de su herramienta de seguridad de autenticaci\u00f3n de dos\nfactores, para potenciar la funci\u00f3n de sugerencia de amigos en la aplicaci\u00f3n de\nla red social.<\/p>\n\n\n\n<p>Cabe\nse\u00f1alar que la compa\u00f1\u00eda utilizaba dichos n\u00fameros de tel\u00e9fono, los cuales eran\nofrecidos para proteger sus cuentas de accesos no autorizados, para animarles a\na\u00f1adir a miembros de su agenda a su lista de amigos de la red social.<\/p>\n\n\n\n<p>Esto\nresponde a un acuerdo de privacidad de cinco mil millones de d\u00f3lares al que\nlleg\u00f3 Facebook con la Comisi\u00f3n Federal de Comercio de Estados Unidos en julio\nsobre las pr\u00e1cticas de privacidad de la red social, de acuerdo con la agencia\nde noticias Reuters. (Fuente: Reuters)<\/p>\n","protected":false},"excerpt":{"rendered":"<p>[Redacci\u00f3n] Esto responde a un acuerdo de privacidad de cinco mil millones de d\u00f3lares al que lleg\u00f3 Facebook con la Comisi\u00f3n Federal de Comercio de Estados Unidos en julio sobre las pr\u00e1cticas de privacidad de la red social Ciudad de M\u00e9xico.- Facebook inform\u00f3 que ya no usar\u00e1 los n\u00fameros de tel\u00e9fono de sus usuarios, procedentes [&hellip;]<\/p>\n","protected":false},"author":1,"featured_media":146431,"comment_status":"open","ping_status":"open","sticky":false,"template":"","format":"standard","meta":{"footnotes":""},"categories":[8],"tags":[],"class_list":["post-146430","post","type-post","status-publish","format-standard","has-post-thumbnail","hentry","category-pais","entry","has-media"],"jetpack_featured_media_url":"http:\/\/vertienteglobal.com\/wp-content\/uploads\/2019\/12\/Facebook-ya-no-usar\u00e1-n\u00fameros-de-tel\u00e9fono.jpg","_links":{"self":[{"href":"http:\/\/vertienteglobal.com\/index.php?rest_route=\/wp\/v2\/posts\/146430","targetHints":{"allow":["GET"]}}],"collection":[{"href":"http:\/\/vertienteglobal.com\/index.php?rest_route=\/wp\/v2\/posts"}],"about":[{"href":"http:\/\/vertienteglobal.com\/index.php?rest_route=\/wp\/v2\/types\/post"}],"author":[{"embeddable":true,"href":"http:\/\/vertienteglobal.com\/index.php?rest_route=\/wp\/v2\/users\/1"}],"replies":[{"embeddable":true,"href":"http:\/\/vertienteglobal.com\/index.php?rest_route=%2Fwp%2Fv2%2Fcomments&post=146430"}],"version-history":[{"count":0,"href":"http:\/\/vertienteglobal.com\/index.php?rest_route=\/wp\/v2\/posts\/146430\/revisions"}],"wp:featuredmedia":[{"embeddable":true,"href":"http:\/\/vertienteglobal.com\/index.php?rest_route=\/wp\/v2\/media\/146431"}],"wp:attachment":[{"href":"http:\/\/vertienteglobal.com\/index.php?rest_route=%2Fwp%2Fv2%2Fmedia&parent=146430"}],"wp:term":[{"taxonomy":"category","embeddable":true,"href":"http:\/\/vertienteglobal.com\/index.php?rest_route=%2Fwp%2Fv2%2Fcategories&post=146430"},{"taxonomy":"post_tag","embeddable":true,"href":"http:\/\/vertienteglobal.com\/index.php?rest_route=%2Fwp%2Fv2%2Ftags&post=146430"}],"curies":[{"name":"wp","href":"https:\/\/api.w.org\/{rel}","templated":true}]}}