{"id":146282,"date":"2019-12-12T12:28:47","date_gmt":"2019-12-12T18:28:47","guid":{"rendered":"http:\/\/vertienteglobal.com\/?p=146282"},"modified":"2019-12-15T00:13:59","modified_gmt":"2019-12-15T06:13:59","slug":"nuevo-censo-pesquero-beneficiara-a-familias-que-viven-de-esta-actividad-en-yucatan","status":"publish","type":"post","link":"http:\/\/vertienteglobal.com\/?p=146282","title":{"rendered":"Nuevo censo pesquero beneficiar\u00e1 a familias que viven de esta actividad en Yucat\u00e1n"},"content":{"rendered":"\n<div class=\"twitterbutton\" style=\"float: right; padding-left: 5px;\"><a href=\"http:\/\/twitter.com\/share\" class=\"twitter-share-button\" data-count=\"horizontal\" data-text=\"Nuevo censo pesquero beneficiar\u00e1 a familias que viven de esta actividad en Yuca...\" data-via=\"https:\/\/twitter.com\/VertienteGloba1\" data-url=\"http:\/\/vertienteglobal.com\/?p=146282\" data-lang=\"es\" data-related=\"Informaci\u00f3n general:S\u00edguenos para que est\u00e9ss informado\"><\/a><\/div>\n<figure class=\"wp-block-image size-large\"><img loading=\"lazy\" decoding=\"async\" width=\"600\" height=\"382\" src=\"http:\/\/vertienteglobal.com\/wp-content\/uploads\/2019\/12\/censo-pesquero-Yucatan-2019.jpg\" alt=\"\" class=\"wp-image-146283\" srcset=\"http:\/\/vertienteglobal.com\/wp-content\/uploads\/2019\/12\/censo-pesquero-Yucatan-2019.jpg 600w, http:\/\/vertienteglobal.com\/wp-content\/uploads\/2019\/12\/censo-pesquero-Yucatan-2019-300x191.jpg 300w, http:\/\/vertienteglobal.com\/wp-content\/uploads\/2019\/12\/censo-pesquero-Yucatan-2019-150x96.jpg 150w\" sizes=\"auto, (max-width: 600px) 100vw, 600px\" \/><\/figure>\n\n\n\n<p><strong>[Redacci\u00f3n] <\/strong><\/p>\n\n\n\n<p><strong><em>Depuraci\u00f3n\ny validaci\u00f3n de padrones, con visto bueno de comunidades pesqueras<\/em><\/strong><\/p>\n\n\n\n<p>M\u00e9rida,\nYucat\u00e1n.- Para tener informaci\u00f3n m\u00e1s precisa y confiable en el sector pesquero,\nque permita dirigir los apoyos a quienes realmente viven de esta actividad\necon\u00f3mica, la Secretar\u00eda de Pesca y Acuacultura Sustentables (Sepasy) realiz\u00f3\ndos censos durante 2019, para tener certeza de quienes y cu\u00e1ntas embarcaciones\nse dedican a esta actividad de forma comercial y la infraestructura para ello,\ninform\u00f3 su titular, Rafael Combaluzier Medina.<\/p>\n\n\n\n<p>Explic\u00f3\nque, para facilitar esta labor, y analizar y valorar con toda precisi\u00f3n las\nsolicitudes recibidas de inscripci\u00f3n al padr\u00f3n, se abri\u00f3 ventanillas de\natenci\u00f3n y se visit\u00f3 los puertos, dando m\u00e1s oportunidades de integrarse a todas\nlas personas que trabajan en la captura de especies marinas, desde quienes\nsalen al mar como a quienes les pertenecen los botes. El proceso fue abierto,\nflexible y avalado por las comunidades pesqueras, para garantizar la\ntransparencia.<\/p>\n\n\n\n<p>El\nfuncionario agreg\u00f3 que, derivado de dicho ejercicio, se publicar\u00e1 un listado\npreliminar del censo, para que la gente que se haya inscrito verifique si se\naval\u00f3 su registro y, en caso de haber cumplido con el papeleo y no encontrar su\nnombre, acredite su participaci\u00f3n en el proceso con los documentos\ncorrespondientes.<\/p>\n\n\n\n<p>Para\nello, continu\u00f3, las personas que se inscribieron y presentaron documentaci\u00f3n,\npero no aparecen en el padr\u00f3n preliminar, deber\u00e1n presentarse en las mesas de\natenci\u00f3n que Sepasy habilitar\u00e1 del 17 al 21 de diciembre, de 8:00 de la ma\u00f1ana\na 3:00 de la tarde, en las canchas techadas de b\u00e1squetbol ubicadas en el\ncostado sur del Gimnasio Polifuncional, en M\u00e9rida.<\/p>\n\n\n\n<p>Por\n\u00faltimo, Combaluzier Medina se\u00f1al\u00f3 que, tras esta jornada, el listado definitivo\nde cada puerto se anunciar\u00e1 el 2 de enero de 2020. Sin embargo, el censo\npesquero continuar\u00e1 registrando centros de acopio, infraestructura y, en\ngeneral, todos los elementos del sector, con el objetivo de mejorar\ncontinuamente la producci\u00f3n de nuestro estado.<\/p>\n\n\n\n<p>Estos\ndiagn\u00f3sticos, efectuados de julio a noviembre del presente a\u00f1o, abarcaron los\n15 puertos del litoral yucateco: Progreso, Chelem, Chuburn\u00e1, Sisal, Celest\u00fan,\nChicxulub, Telchac, Santa Clara, San Crisanto, Chabihau, Dzilam de Bravo, San\nFelipe, Coloradas, R\u00edo Lagartos y El Cuyo.<\/p>\n","protected":false},"excerpt":{"rendered":"<p>[Redacci\u00f3n] Depuraci\u00f3n y validaci\u00f3n de padrones, con visto bueno de comunidades pesqueras M\u00e9rida, Yucat\u00e1n.- Para tener informaci\u00f3n m\u00e1s precisa y confiable en el sector pesquero, que permita dirigir los apoyos a quienes realmente viven de esta actividad econ\u00f3mica, la Secretar\u00eda de Pesca y Acuacultura Sustentables (Sepasy) realiz\u00f3 dos censos durante 2019, para tener certeza de [&hellip;]<\/p>\n","protected":false},"author":1,"featured_media":146283,"comment_status":"open","ping_status":"open","sticky":false,"template":"","format":"standard","meta":{"footnotes":""},"categories":[2],"tags":[],"class_list":["post-146282","post","type-post","status-publish","format-standard","has-post-thumbnail","hentry","category-yucatan","entry","has-media"],"jetpack_featured_media_url":"http:\/\/vertienteglobal.com\/wp-content\/uploads\/2019\/12\/censo-pesquero-Yucatan-2019.jpg","_links":{"self":[{"href":"http:\/\/vertienteglobal.com\/index.php?rest_route=\/wp\/v2\/posts\/146282","targetHints":{"allow":["GET"]}}],"collection":[{"href":"http:\/\/vertienteglobal.com\/index.php?rest_route=\/wp\/v2\/posts"}],"about":[{"href":"http:\/\/vertienteglobal.com\/index.php?rest_route=\/wp\/v2\/types\/post"}],"author":[{"embeddable":true,"href":"http:\/\/vertienteglobal.com\/index.php?rest_route=\/wp\/v2\/users\/1"}],"replies":[{"embeddable":true,"href":"http:\/\/vertienteglobal.com\/index.php?rest_route=%2Fwp%2Fv2%2Fcomments&post=146282"}],"version-history":[{"count":0,"href":"http:\/\/vertienteglobal.com\/index.php?rest_route=\/wp\/v2\/posts\/146282\/revisions"}],"wp:featuredmedia":[{"embeddable":true,"href":"http:\/\/vertienteglobal.com\/index.php?rest_route=\/wp\/v2\/media\/146283"}],"wp:attachment":[{"href":"http:\/\/vertienteglobal.com\/index.php?rest_route=%2Fwp%2Fv2%2Fmedia&parent=146282"}],"wp:term":[{"taxonomy":"category","embeddable":true,"href":"http:\/\/vertienteglobal.com\/index.php?rest_route=%2Fwp%2Fv2%2Fcategories&post=146282"},{"taxonomy":"post_tag","embeddable":true,"href":"http:\/\/vertienteglobal.com\/index.php?rest_route=%2Fwp%2Fv2%2Ftags&post=146282"}],"curies":[{"name":"wp","href":"https:\/\/api.w.org\/{rel}","templated":true}]}}