{"id":146057,"date":"2019-12-07T11:50:00","date_gmt":"2019-12-07T17:50:00","guid":{"rendered":"http:\/\/vertienteglobal.com\/?p=146057"},"modified":"2019-12-07T13:57:35","modified_gmt":"2019-12-07T19:57:35","slug":"como-reaccionar-ante-un-amigo-imaginario-de-los-hijos","status":"publish","type":"post","link":"http:\/\/vertienteglobal.com\/?p=146057","title":{"rendered":"\u00bfC\u00f3mo reaccionar ante un \u00abamigo imaginario\u00bb de los hijos?"},"content":{"rendered":"\n<div class=\"twitterbutton\" style=\"float: right; padding-left: 5px;\"><a href=\"http:\/\/twitter.com\/share\" class=\"twitter-share-button\" data-count=\"horizontal\" data-text=\"\u00bfC\u00f3mo reaccionar ante un \u00abamigo imaginario\u00bb de los hijos?\" data-via=\"https:\/\/twitter.com\/VertienteGloba1\" data-url=\"http:\/\/vertienteglobal.com\/?p=146057\" data-lang=\"es\" data-related=\"Informaci\u00f3n general:S\u00edguenos para que est\u00e9ss informado\"><\/a><\/div>\n<figure class=\"wp-block-image size-large\"><img loading=\"lazy\" decoding=\"async\" width=\"600\" height=\"369\" src=\"http:\/\/vertienteglobal.com\/wp-content\/uploads\/2019\/12\/amigo-imaginario.jpg\" alt=\"\" class=\"wp-image-146058\" srcset=\"http:\/\/vertienteglobal.com\/wp-content\/uploads\/2019\/12\/amigo-imaginario.jpg 600w, http:\/\/vertienteglobal.com\/wp-content\/uploads\/2019\/12\/amigo-imaginario-300x185.jpg 300w, http:\/\/vertienteglobal.com\/wp-content\/uploads\/2019\/12\/amigo-imaginario-150x92.jpg 150w\" sizes=\"auto, (max-width: 600px) 100vw, 600px\" \/><\/figure>\n\n\n\n<p><strong>[Redacci\u00f3n]<\/strong><\/p>\n\n\n\n<p><strong><em>Ante\nla presencia de un amigo imaginario, se debe actuar con naturalidad,\nacept\u00e1ndolo como una fantas\u00eda m\u00e1s del ni\u00f1o; siempre y cuando \u00e9ste no presente\nconductas como: aislamiento, agresividad o violencia<\/em><\/strong><\/p>\n\n\n\n<p>Xalapa,\nVeracruz.- La Delegaci\u00f3n Norte del Instituto Mexicano del Seguro Social (IMSS)\nen Veracruz, informa a los derechohabientes y a la poblaci\u00f3n en general, sobre\nla figura del amigo imaginario durante el desarrollo de ni\u00f1as y ni\u00f1os, con el\nobjetivo de que los padres sepan c\u00f3mo actuar ante tal manifestaci\u00f3n. <\/p>\n\n\n\n<p>En\neste sentido, la psic\u00f3loga&nbsp; Luisa\nFernanda Baca Vela,&nbsp; explic\u00f3 que un amigo\nimaginario se puede presentar entre los dos y los siete a\u00f1os, debido a que a\nesta edad el pensamiento es egoc\u00e9ntrico e irreal, donde la realidad y la\nfantas\u00eda se encuentran entrelazadas, por lo que es normal que los peque\u00f1os\ninteract\u00faen con este tipo de amigos, que pueden ser personas, animales o cosas.<\/p>\n\n\n\n<p>En\nesta condici\u00f3n de&nbsp; \u201cnormalidad\u201d, la\nrelaci\u00f3n entre el amigo imaginario y el ni\u00f1o, tiene la funci\u00f3n de coadyuvar el\ndesarrollo del menor, mediante el ensayo de las conductas de interacci\u00f3n\nsocial, en la cual los peque\u00f1os pueden jugar, platicar, llegar a acuerdos&nbsp; o incluso enojarse o pelear con&nbsp; \u00e9l,&nbsp; y\nposteriormente arreglar las diferencias; en esta din\u00e1mica se liberan\nsentimientos de afecto y de tristeza, lo que proyecta sus conflictos, miedos o\nanhelos.<\/p>\n\n\n\n<p>Ante\nla presencia de un amigo imaginario, se debe actuar con naturalidad,\nacept\u00e1ndolo como una fantas\u00eda m\u00e1s del ni\u00f1o; siempre y cuando \u00e9ste no presente\nconductas como: aislamiento, agresividad o violencia.<\/p>\n\n\n\n<p>La\npsic\u00f3loga recomend\u00f3 analizar la din\u00e1mica que tiene el ni\u00f1o con su amigo\nimaginario,&nbsp; abarcando todo el contexto,\nd\u00f3nde y c\u00f3mo se desarrolla, ya que en algunos casos la existencia de \u00e9stos,\npuede indicar alg\u00fan problema emocional en los ni\u00f1os, en esos casos se deber\u00e1\nacudir con un especialista.<\/p>\n","protected":false},"excerpt":{"rendered":"<p>[Redacci\u00f3n] Ante la presencia de un amigo imaginario, se debe actuar con naturalidad, acept\u00e1ndolo como una fantas\u00eda m\u00e1s del ni\u00f1o; siempre y cuando \u00e9ste no presente conductas como: aislamiento, agresividad o violencia Xalapa, Veracruz.- La Delegaci\u00f3n Norte del Instituto Mexicano del Seguro Social (IMSS) en Veracruz, informa a los derechohabientes y a la poblaci\u00f3n en [&hellip;]<\/p>\n","protected":false},"author":1,"featured_media":146058,"comment_status":"open","ping_status":"open","sticky":false,"template":"","format":"standard","meta":{"footnotes":""},"categories":[7],"tags":[],"class_list":["post-146057","post","type-post","status-publish","format-standard","has-post-thumbnail","hentry","category-veracruz","entry","has-media"],"jetpack_featured_media_url":"http:\/\/vertienteglobal.com\/wp-content\/uploads\/2019\/12\/amigo-imaginario.jpg","_links":{"self":[{"href":"http:\/\/vertienteglobal.com\/index.php?rest_route=\/wp\/v2\/posts\/146057","targetHints":{"allow":["GET"]}}],"collection":[{"href":"http:\/\/vertienteglobal.com\/index.php?rest_route=\/wp\/v2\/posts"}],"about":[{"href":"http:\/\/vertienteglobal.com\/index.php?rest_route=\/wp\/v2\/types\/post"}],"author":[{"embeddable":true,"href":"http:\/\/vertienteglobal.com\/index.php?rest_route=\/wp\/v2\/users\/1"}],"replies":[{"embeddable":true,"href":"http:\/\/vertienteglobal.com\/index.php?rest_route=%2Fwp%2Fv2%2Fcomments&post=146057"}],"version-history":[{"count":0,"href":"http:\/\/vertienteglobal.com\/index.php?rest_route=\/wp\/v2\/posts\/146057\/revisions"}],"wp:featuredmedia":[{"embeddable":true,"href":"http:\/\/vertienteglobal.com\/index.php?rest_route=\/wp\/v2\/media\/146058"}],"wp:attachment":[{"href":"http:\/\/vertienteglobal.com\/index.php?rest_route=%2Fwp%2Fv2%2Fmedia&parent=146057"}],"wp:term":[{"taxonomy":"category","embeddable":true,"href":"http:\/\/vertienteglobal.com\/index.php?rest_route=%2Fwp%2Fv2%2Fcategories&post=146057"},{"taxonomy":"post_tag","embeddable":true,"href":"http:\/\/vertienteglobal.com\/index.php?rest_route=%2Fwp%2Fv2%2Ftags&post=146057"}],"curies":[{"name":"wp","href":"https:\/\/api.w.org\/{rel}","templated":true}]}}