{"id":146015,"date":"2019-12-06T18:36:00","date_gmt":"2019-12-07T00:36:00","guid":{"rendered":"http:\/\/vertienteglobal.com\/?p=146015"},"modified":"2019-12-07T07:38:05","modified_gmt":"2019-12-07T13:38:05","slug":"el-gobernador-mauricio-vila-dosal-continua-respaldando-a-los-emprendedores-yucatecos","status":"publish","type":"post","link":"http:\/\/vertienteglobal.com\/?p=146015","title":{"rendered":"El Gobernador Mauricio Vila Dosal contin\u00faa respaldando a los emprendedores yucatecos"},"content":{"rendered":"\n<div class=\"twitterbutton\" style=\"float: right; padding-left: 5px;\"><a href=\"http:\/\/twitter.com\/share\" class=\"twitter-share-button\" data-count=\"horizontal\" data-text=\"El Gobernador Mauricio Vila Dosal contin\u00faa respaldando a los emprendedores yuca...\" data-via=\"https:\/\/twitter.com\/VertienteGloba1\" data-url=\"http:\/\/vertienteglobal.com\/?p=146015\" data-lang=\"es\" data-related=\"Informaci\u00f3n general:S\u00edguenos para que est\u00e9ss informado\"><\/a><\/div>\n<figure class=\"wp-block-image size-large\"><img loading=\"lazy\" decoding=\"async\" width=\"600\" height=\"358\" src=\"http:\/\/vertienteglobal.com\/wp-content\/uploads\/2019\/12\/El-Gobernador-Mauricio-Vila-Dosal-contin\u00faa-respaldando-a-los-emprendedores-yucatecos001.jpg\" alt=\"\" class=\"wp-image-146016\" srcset=\"http:\/\/vertienteglobal.com\/wp-content\/uploads\/2019\/12\/El-Gobernador-Mauricio-Vila-Dosal-contin\u00faa-respaldando-a-los-emprendedores-yucatecos001.jpg 600w, http:\/\/vertienteglobal.com\/wp-content\/uploads\/2019\/12\/El-Gobernador-Mauricio-Vila-Dosal-contin\u00faa-respaldando-a-los-emprendedores-yucatecos001-300x179.jpg 300w, http:\/\/vertienteglobal.com\/wp-content\/uploads\/2019\/12\/El-Gobernador-Mauricio-Vila-Dosal-contin\u00faa-respaldando-a-los-emprendedores-yucatecos001-150x90.jpg 150w\" sizes=\"auto, (max-width: 600px) 100vw, 600px\" \/><\/figure>\n\n\n\n<p><strong>[Redacci\u00f3n] <\/strong><\/p>\n\n\n\n<p><strong><em>Vila\nDosal les brinda apoyo a 200 emprendedores, en su mayor\u00eda del interior del\nestado, para cubrir el pago de los tr\u00e1mites del registro de la marca de su empresa\nante el Instituto Mexicano de la Propiedad Industrial (IMPI)<\/em><\/strong><\/p>\n\n\n\n<p><strong><em>Con\nello, tendr\u00e1n la oportunidad de hacer crecer sus negocios al ingresar a nuevos\nmercados, convertirse en proveedores de grandes tiendas comerciales y obtener\notros beneficios<\/em><\/strong><\/p>\n\n\n\n<p>M\u00e9rida,\nYucat\u00e1n, 6 de diciembre de 2019.- Un total de 200 emprendedores yucatecos, en\nsu gran mayor\u00eda del interior del estado, recibieron este d\u00eda apoyos econ\u00f3micos\npara completar el proceso de registro de las marcas de sus empresas, lo que les\npermitir\u00e1 ingresar a nuevos mercados y convertirse en proveedores de grandes\ntiendas comerciales, acci\u00f3n que impulsa el Gobernador Mauricio Vila Dosal.<\/p>\n\n\n\n<p>Vila\nDosal entreg\u00f3 este d\u00eda dichos apoyos dentro del programa \u00abTu empresa, tu\nmarca Yucat\u00e1n\u00bb y tambi\u00e9n distribuy\u00f3 cr\u00e9ditos a 11 grupos de peque\u00f1os\nnegocios del esquema \u00abEmprendimiento Econ\u00f3mico y Social\u00bb, en el que\ntambi\u00e9n tuvo una participaci\u00f3n la Fundaci\u00f3n Kellogg, que en suma representan\nuna inversi\u00f3n de 6.7 millones de pesos.<\/p>\n\n\n\n<p>En\nla Sala Mayamax del Gran Museo del Mundo Maya, el Gobernador record\u00f3 que desde\nque fue presidente municipal de M\u00e9rida impuls\u00f3 acciones de este tipo para\napoyar a este sector, pero asumi\u00f3 la importancia de que ahora estos se\nextiendan a todo el territorio yucateco, a tal grado de que actualmente m\u00e1s del\n50% de los 200 beneficiarios para el registro de marca y de los 11 grupos de\nemprendimiento, provengan de municipios diferentes a la capital yucateca.<\/p>\n\n\n\n<p>En\neste sentido, Vila Dosal dijo que a trav\u00e9s del programa \u00abTu empresa, tu\nmarca Yucat\u00e1n\u00bb, las personas tendr\u00e1n m\u00e1s posibilidades de incursionar\ndentro del mercado con sus productos.<\/p>\n\n\n\n<p>Ante\neste panorama, Vila Dosal reiter\u00f3 que es muy importante que registren sus\nmarcas, ya que adem\u00e1s de expandir sus mercados, tienen la oportunidad de\ningresar a los supermercados y tiendas de conveniencia y sobre todo dar certeza\na su negocio, lo que tambi\u00e9n implica que cuenten con seguridad social y otros\nbeneficios.<\/p>\n\n\n\n<p>Para\nello, el Gobernador explic\u00f3 que es posible otorgarles recursos que les permiten\ncubrir el 81% del pago de los tr\u00e1mites ante el Instituto Mexicano de la\nPropiedad Industrial (IMPI).<\/p>\n\n\n\n<p>\u00abDe\nesta forma apoyamos para que muchas peque\u00f1as empresas pasen de la informalidad\na la formalidad porque de esta manera pueden tener seguridad social y otros beneficios\u00bb,\na\u00f1adi\u00f3 Vila Dosal.<\/p>\n\n\n\n<p>\u00abPara\nque todo esto sea posible, estamos haciendo alianzas y una de ellas es con la\nFundaci\u00f3n Kellogg para apoyar los proyectos de emprendimiento econ\u00f3mico y\nsocial, que muchos son de mujeres de municipios como Chankom, Chikindzonot y\nTekom, tres municipios de m\u00e1s alta marginaci\u00f3n de Yucat\u00e1n\u00bb, detall\u00f3 el\nGobernador.<\/p>\n\n\n\n<p>Adem\u00e1s,\nVila Dosal dijo que tambi\u00e9n se les apoya con equipamiento y capacitaciones para\nhacer crecer su negocio mediante el desarrollo de habilidades y talento.<\/p>\n\n\n\n<p>Sobre\neste tema, el Gobernador puso como ejemplo los casos de Alberto Hern\u00e1ndez\nNarv\u00e1ez y Epifan\u00eda Caamal Kaui, quienes participaron en la \u00faltima edici\u00f3n de la\nExpo Comercio en donde ella y otras mujeres vendieron en conjunto m\u00e1s de\n150,000 pesos.<\/p>\n\n\n\n<p>Para\ncontinuar d\u00e1ndoles espacios a los emprendedores yucatecos, Vila Dosal indic\u00f3\nque adem\u00e1s de la Semana de Yucat\u00e1n en M\u00e9xico, otro escaparate comercial en el\nque podr\u00e1n participar es en la Feria de San Marcos, que anualmente se realiza\nen Aguascalientes con una duraci\u00f3n de un mes.<\/p>\n\n\n\n<p>\u00abLo\nque hemos estado haciendo es buscar otros escenarios y en la Feria de San\nMarcos vamos a tener la oportunidad de estar un mes, donde seguramente, vamos a\npoder darle mucha rotaci\u00f3n a la gente que va a poder estar exponiendo all\u00e1,\npara que todos tengan la oportunidad de vender, de tener nuevos clientes y\nconvertirse en proveedores\u00bb, asever\u00f3 el Gobernador.<\/p>\n\n\n\n<p>De\nesta manera, Vila Dosal hizo hincapi\u00e9 en que estos dos programas se suman a\notros esfuerzos que se han emprendido durante esta administraci\u00f3n, tales como\nMicroYuc, el cual cuenta con una bolsa de 53.4 millones de pesos, ofrece\ndiversos apoyos con tasas de inter\u00e9s flexibles y otro es el que se anunci\u00f3\nrecientemente, el Programa de Impulso para el Desarrollo Industrial y Regional\nen Yucat\u00e1n, el cual cuenta con una bolsa de 295 millones de pesos que pusieron\na disposici\u00f3n el Gobierno del Estado en coordinaci\u00f3n con Nacional Financiera\n(Nafin).<\/p>\n\n\n\n<p>Para\nfacilitar las inversiones futuras y agilizar los procesos de las que ya se han\nconcretado, el Gobernador destac\u00f3 que en Yucat\u00e1n se impulsa un plan de mejora\nregulatoria con el acompa\u00f1amiento de la Organizaci\u00f3n para la Cooperaci\u00f3n y el\nDesarrollo Econ\u00f3mico (OCDE), el cual est\u00e1n permitiendo ahorrar tiempo y dinero\na los ciudadanos y empresarios a la hora realizar tr\u00e1mites gubernamentales.<\/p>\n\n\n\n<p>Como\nparte de este esfuerzo, Vila Dosal mencion\u00f3 las dos Ventanillas \u00danicas reci\u00e9n\ninauguradas la semana pasada y estim\u00f3 que pr\u00f3ximamente ser\u00e1n 16, de las cuales\n8 estar\u00e1n en M\u00e9rida y el resto en el interior del estado.<\/p>\n\n\n\n<p>\u00abNo\nqueremos que la gente de otros municipios venga a hacer sus tr\u00e1mites hasta\nM\u00e9rida porque eso significa para ellos tiempo y dinero y es lo que queremos\nahorrarles\u00bb, explic\u00f3 el Gobernador.<\/p>\n\n\n\n<p>De\nesta forma, Vila Dosal dijo que en coordinaci\u00f3n con los ciudadanos se afronta\nel panorama adverso que se espera para 2020, ya que la Federaci\u00f3n dejar\u00e1 de\ndestinar casi 4,000 millones de pesos para Yucat\u00e1n.<\/p>\n\n\n\n<p>\u00abEn\nYucat\u00e1n, es tiempo de trabajar y sumar esfuerzos y para salir adelante, cuentan\ncon el Gobierno del Estado ya que juntos lograremos transformar Yucat\u00e1n\u00bb,\nreiter\u00f3 el Gobernador.<\/p>\n\n\n\n<p>Por\nsu parte, Margarita V\u00e1zquez M\u00e9ndez, beneficiaria de \u00abTu Empresa, tu\nmarca\u00bb, agradeci\u00f3 el apoyo que obtuvo para el registro correcto de su\nmarca, pues ella tiene un consultorio dental en Cacalch\u00e9n y afirma que, con una\nimagen, un logo, los colores, el dise\u00f1o y la forma, logra tener mayor\naceptaci\u00f3n y promoci\u00f3n, incluso sabe que su marca tiene reconocimiento a nivel\nnacional e internacional.<\/p>\n\n\n\n<p>Al\nhacer uso de la palabra Antonio Gonz\u00e1lez Blanco, director del Instituto\nYucateco de Emprendedores (IYEM), resalt\u00f3 el apoyo que se tiene por parte del\nGobernador, quien ha mostrado un firme compromiso con los proyectos de\nemprendimiento, al tiempo de reconocer el esfuerzo de los yucatecos por buscar\nopciones a trav\u00e9s del trabajo para mejorar su calidad de vida.<\/p>\n\n\n\n<p>A la entrega de apoyos asistieron Ra\u00fal Aguilar Baqueiro, presidente del Consejo Coordinador Empresarial (CCE); los diputados locales V\u00edctor Merari S\u00e1nchez Roca y Luis Loeza Pacheco; as\u00ed como el presidente municipal de Tekax, Diego \u00c1vila Romero.<\/p>\n\n\n\n<figure class=\"wp-block-image size-large\"><img loading=\"lazy\" decoding=\"async\" width=\"600\" height=\"359\" src=\"http:\/\/vertienteglobal.com\/wp-content\/uploads\/2019\/12\/El-Gobernador-Mauricio-Vila-Dosal-contin\u00faa-respaldando-a-los-emprendedores-yucatecos.jpg\" alt=\"\" class=\"wp-image-146017\" srcset=\"http:\/\/vertienteglobal.com\/wp-content\/uploads\/2019\/12\/El-Gobernador-Mauricio-Vila-Dosal-contin\u00faa-respaldando-a-los-emprendedores-yucatecos.jpg 600w, http:\/\/vertienteglobal.com\/wp-content\/uploads\/2019\/12\/El-Gobernador-Mauricio-Vila-Dosal-contin\u00faa-respaldando-a-los-emprendedores-yucatecos-300x180.jpg 300w, http:\/\/vertienteglobal.com\/wp-content\/uploads\/2019\/12\/El-Gobernador-Mauricio-Vila-Dosal-contin\u00faa-respaldando-a-los-emprendedores-yucatecos-150x90.jpg 150w\" sizes=\"auto, (max-width: 600px) 100vw, 600px\" \/><\/figure>\n","protected":false},"excerpt":{"rendered":"<p>[Redacci\u00f3n] Vila Dosal les brinda apoyo a 200 emprendedores, en su mayor\u00eda del interior del estado, para cubrir el pago de los tr\u00e1mites del registro de la marca de su empresa ante el Instituto Mexicano de la Propiedad Industrial (IMPI) Con ello, tendr\u00e1n la oportunidad de hacer crecer sus negocios al ingresar a nuevos mercados, [&hellip;]<\/p>\n","protected":false},"author":1,"featured_media":146016,"comment_status":"open","ping_status":"open","sticky":false,"template":"","format":"standard","meta":{"footnotes":""},"categories":[2],"tags":[],"class_list":["post-146015","post","type-post","status-publish","format-standard","has-post-thumbnail","hentry","category-yucatan","entry","has-media"],"jetpack_featured_media_url":"http:\/\/vertienteglobal.com\/wp-content\/uploads\/2019\/12\/El-Gobernador-Mauricio-Vila-Dosal-contin\u00faa-respaldando-a-los-emprendedores-yucatecos001.jpg","_links":{"self":[{"href":"http:\/\/vertienteglobal.com\/index.php?rest_route=\/wp\/v2\/posts\/146015","targetHints":{"allow":["GET"]}}],"collection":[{"href":"http:\/\/vertienteglobal.com\/index.php?rest_route=\/wp\/v2\/posts"}],"about":[{"href":"http:\/\/vertienteglobal.com\/index.php?rest_route=\/wp\/v2\/types\/post"}],"author":[{"embeddable":true,"href":"http:\/\/vertienteglobal.com\/index.php?rest_route=\/wp\/v2\/users\/1"}],"replies":[{"embeddable":true,"href":"http:\/\/vertienteglobal.com\/index.php?rest_route=%2Fwp%2Fv2%2Fcomments&post=146015"}],"version-history":[{"count":0,"href":"http:\/\/vertienteglobal.com\/index.php?rest_route=\/wp\/v2\/posts\/146015\/revisions"}],"wp:featuredmedia":[{"embeddable":true,"href":"http:\/\/vertienteglobal.com\/index.php?rest_route=\/wp\/v2\/media\/146016"}],"wp:attachment":[{"href":"http:\/\/vertienteglobal.com\/index.php?rest_route=%2Fwp%2Fv2%2Fmedia&parent=146015"}],"wp:term":[{"taxonomy":"category","embeddable":true,"href":"http:\/\/vertienteglobal.com\/index.php?rest_route=%2Fwp%2Fv2%2Fcategories&post=146015"},{"taxonomy":"post_tag","embeddable":true,"href":"http:\/\/vertienteglobal.com\/index.php?rest_route=%2Fwp%2Fv2%2Ftags&post=146015"}],"curies":[{"name":"wp","href":"https:\/\/api.w.org\/{rel}","templated":true}]}}